{"id":9983,"date":"2022-08-31T20:18:21","date_gmt":"2022-08-31T23:18:21","guid":{"rendered":"https:\/\/www.tribunanf.com.br\/blogdoralfereis\/?p=9983"},"modified":"2022-08-31T20:18:21","modified_gmt":"2022-08-31T23:18:21","slug":"tre-rj-suspende-repasses-e-tempo-de-tv-de-wilson-witzel","status":"publish","type":"post","link":"https:\/\/www.tribunanf.com.br\/blogdoralfereis\/2022\/08\/31\/tre-rj-suspende-repasses-e-tempo-de-tv-de-wilson-witzel\/","title":{"rendered":"TRE-RJ suspende repasses e tempo de TV de Wilson Witzel"},"content":{"rendered":"<p><img loading=\"lazy\" decoding=\"async\" class=\"aligncenter size-large wp-image-4769\" src=\"https:\/\/www.tribunanf.com.br\/blogdoralfereis\/wp-content\/uploads\/sites\/11\/2020\/08\/wilson-witzel-1024x615.jpg\" alt=\"\" width=\"800\" height=\"480\" srcset=\"https:\/\/www.tribunanf.com.br\/blogdoralfereis\/wp-content\/uploads\/sites\/11\/2020\/08\/wilson-witzel-1024x615.jpg 1024w, https:\/\/www.tribunanf.com.br\/blogdoralfereis\/wp-content\/uploads\/sites\/11\/2020\/08\/wilson-witzel-300x180.jpg 300w, https:\/\/www.tribunanf.com.br\/blogdoralfereis\/wp-content\/uploads\/sites\/11\/2020\/08\/wilson-witzel-768x461.jpg 768w, https:\/\/www.tribunanf.com.br\/blogdoralfereis\/wp-content\/uploads\/sites\/11\/2020\/08\/wilson-witzel.jpg 1086w\" sizes=\"auto, (max-width: 800px) 100vw, 800px\" \/><\/p>\n<p style=\"text-align: justify;\">O Tribunal Regional Eleitoral do Rio (TRE-RJ) concedeu liminar para proibir que o candidato ao governo do Rio Wilson Witzel use recursos p\u00fablicos em sua campanha e goze do tempo de propaganda eleitoral gratuita na TV. A Corte ainda n\u00e3o fez o julgamento do m\u00e9rito para indeferir ou deferir a candidatura do ex-governador do Rio.<\/p>\n<p style=\"text-align: justify;\">Witzel sofreu impeachment em 2021 por um crime de responsabilidade no meio da pandemia da Covid-19. Quando sofreu o processo de afastamento na Alerj, o ex-juiz perdeu os direitos pol\u00edticos, mas mesmo assim decidiu sair do PSC, seu antigo partido, se filiou ao PMB e registrou a candidatura, que ainda ser\u00e1 avaliada pela Justi\u00e7a Eleitoral.<\/p>\n<p style=\"text-align: justify;\">\u201cA condena\u00e7\u00e3o imposta a Wilson Jos\u00e9 Witzel o restringe de exercer seus direitos pol\u00edticos passivos e qualquer outro cargo p\u00fablico, ainda que n\u00e3o seja de natureza pol\u00edtica, como \u00e9 o caso daqueles providos por concurso p\u00fablico\u201d, defenderam os procuradores do Minist\u00e9rio P\u00fablico no pedido enviado \u00e0 Justi\u00e7a Eleitoral.<\/p>\n<p style=\"text-align: justify;\">O entendimento dos desembargadores foi parecido com o que suspendeu os repasses de recursos do Fundo Partid\u00e1rio e do Fundo Especial de Financiamento de Campanha para o candidato ao Senado Daniel Silveira (PTB).<\/p>\n<p style=\"text-align: justify;\">Fonte: Coluna Extra, Extra<\/p>\n","protected":false},"excerpt":{"rendered":"<p>O Tribunal Regional Eleitoral do Rio (TRE-RJ) concedeu liminar para proibir que o candidato ao governo do Rio Wilson Witzel&#8230;<\/p>\n","protected":false},"author":2,"featured_media":4769,"comment_status":"open","ping_status":"open","sticky":false,"template":"","format":"standard","meta":{"colormag_page_container_layout":"default_layout","colormag_page_sidebar_layout":"default_layout","jetpack_post_was_ever_published":false,"_jetpack_newsletter_access":"","_jetpack_dont_email_post_to_subs":false,"_jetpack_newsletter_tier_id":0,"_jetpack_memberships_contains_paywalled_content":false,"_jetpack_memberships_contains_paid_content":false,"footnotes":""},"categories":[2],"tags":[],"class_list":["post-9983","post","type-post","status-publish","format-standard","has-post-thumbnail","hentry","category-politica"],"jetpack_featured_media_url":"https:\/\/www.tribunanf.com.br\/blogdoralfereis\/wp-content\/uploads\/sites\/11\/2020\/08\/wilson-witzel.jpg","jetpack_sharing_enabled":true,"_links":{"self":[{"href":"https:\/\/www.tribunanf.com.br\/blogdoralfereis\/wp-json\/wp\/v2\/posts\/9983","targetHints":{"allow":["GET"]}}],"collection":[{"href":"https:\/\/www.tribunanf.com.br\/blogdoralfereis\/wp-json\/wp\/v2\/posts"}],"about":[{"href":"https:\/\/www.tribunanf.com.br\/blogdoralfereis\/wp-json\/wp\/v2\/types\/post"}],"author":[{"embeddable":true,"href":"https:\/\/www.tribunanf.com.br\/blogdoralfereis\/wp-json\/wp\/v2\/users\/2"}],"replies":[{"embeddable":true,"href":"https:\/\/www.tribunanf.com.br\/blogdoralfereis\/wp-json\/wp\/v2\/comments?post=9983"}],"version-history":[{"count":0,"href":"https:\/\/www.tribunanf.com.br\/blogdoralfereis\/wp-json\/wp\/v2\/posts\/9983\/revisions"}],"wp:featuredmedia":[{"embeddable":true,"href":"https:\/\/www.tribunanf.com.br\/blogdoralfereis\/wp-json\/wp\/v2\/media\/4769"}],"wp:attachment":[{"href":"https:\/\/www.tribunanf.com.br\/blogdoralfereis\/wp-json\/wp\/v2\/media?parent=9983"}],"wp:term":[{"taxonomy":"category","embeddable":true,"href":"https:\/\/www.tribunanf.com.br\/blogdoralfereis\/wp-json\/wp\/v2\/categories?post=9983"},{"taxonomy":"post_tag","embeddable":true,"href":"https:\/\/www.tribunanf.com.br\/blogdoralfereis\/wp-json\/wp\/v2\/tags?post=9983"}],"curies":[{"name":"wp","href":"https:\/\/api.w.org\/{rel}","templated":true}]}}