{"id":9959,"date":"2022-08-29T17:49:31","date_gmt":"2022-08-29T20:49:31","guid":{"rendered":"https:\/\/www.tribunanf.com.br\/blogdoralfereis\/?p=9959"},"modified":"2022-08-29T17:49:31","modified_gmt":"2022-08-29T20:49:31","slug":"alexandre-de-moraes-torna-publicos-documentos-sobre-operacao-que-envolve-empresarios","status":"publish","type":"post","link":"https:\/\/www.tribunanf.com.br\/blogdoralfereis\/2022\/08\/29\/alexandre-de-moraes-torna-publicos-documentos-sobre-operacao-que-envolve-empresarios\/","title":{"rendered":"Alexandre de Moraes torna p\u00fablicos documentos sobre opera\u00e7\u00e3o que envolve empres\u00e1rios"},"content":{"rendered":"<p><img loading=\"lazy\" decoding=\"async\" class=\"aligncenter size-full wp-image-4248\" src=\"https:\/\/www.tribunanf.com.br\/blogdoralfereis\/wp-content\/uploads\/sites\/11\/2020\/06\/alexande-de-moraes.jpg\" alt=\"\" width=\"984\" height=\"656\" srcset=\"https:\/\/www.tribunanf.com.br\/blogdoralfereis\/wp-content\/uploads\/sites\/11\/2020\/06\/alexande-de-moraes.jpg 984w, https:\/\/www.tribunanf.com.br\/blogdoralfereis\/wp-content\/uploads\/sites\/11\/2020\/06\/alexande-de-moraes-300x200.jpg 300w, https:\/\/www.tribunanf.com.br\/blogdoralfereis\/wp-content\/uploads\/sites\/11\/2020\/06\/alexande-de-moraes-768x512.jpg 768w\" sizes=\"auto, (max-width: 984px) 100vw, 984px\" \/><\/p>\n<p style=\"text-align: justify;\">O ministro Alexandre de Moraes, do Supremo Tribunal Federal, tornou p\u00fablicos nesta segunda-feira (29) documentos sobre a opera\u00e7\u00e3o policial que envolveu empres\u00e1rios, autorizada por ele na semana passada &#8211; confira as \u00edntegras ao final do texto.<\/p>\n<p style=\"text-align: justify;\">Conforme o ministro, as not\u00edcias veiculadas na Peti\u00e7\u00e3o (PET) 10543 guardam estrita correla\u00e7\u00e3o com o rumo de investiga\u00e7\u00f5es nos Inqu\u00e9ritos (INQ) 4781, 4828, 4879, 4888 e 4874, todas elas voltadas ao poss\u00edvel financiamento de not\u00edcias fraudulentas, discurso de \u00f3dio e de ataques orquestrados \u00e0s institui\u00e7\u00f5es p\u00fablicas, \u00e0s urnas e a refor\u00e7ar o discurso polarizado, promovendo o descr\u00e9dito dos Poderes da Rep\u00fablica; envolvendo, inclusive, alguns empres\u00e1rios que j\u00e1 est\u00e3o sendo investigados desde 2019.<\/p>\n<p style=\"text-align: justify;\">O material indica que as provas juntadas nos autos, somadas a outros fortes ind\u00edcios que est\u00e3o sendo analisados nos referidos inqu\u00e9ritos, desde 2019, de poss\u00edvel participa\u00e7\u00e3o de diversos empres\u00e1rios, anteriormente do grupo do grupo \u201cBrasil 200 Empresarial\u201d, que, atualmente, participam do grupo &#8220;WhatsApp Empres\u00e1rios &amp; Pol\u00edtica&#8221;, citados na representa\u00e7\u00e3o da Pol\u00edcia Federal, em financiamento na produ\u00e7\u00e3o e divulga\u00e7\u00e3o de not\u00edcias fraudulentas e na organiza\u00e7\u00e3o de atos antidemocr\u00e1ticos, n\u00e3o permitem que a troca de mensagens com car\u00e1ter eminentemente antidemocr\u00e1tico possam ser ignoradas, em especial, \u00e0 v\u00e9speras do dia 7 de setembro.<\/p>\n<p style=\"text-align: justify;\">De acordo com o entendimento do ministro, dentro do contexto das investiga\u00e7\u00f5es, n\u00e3o \u00e9 poss\u00edvel ignorar as mensagens trocadas por um grupo de empres\u00e1rios, que repetem o mesmo\u00a0<i>modus operandi<\/i>\u00a0il\u00edcito verificado desde 2019, fomentando o ataque a institui\u00e7\u00f5es e ao pr\u00f3prio Estado Democr\u00e1tico de Direito.<\/p>\n<p style=\"text-align: justify;\">Nos documentos divulgados, a Pol\u00edcia Federal pediu a ado\u00e7\u00e3o de medidas voltadas ao esclarecimento dos fatos, especialmente considerado o momento pr\u00e9-eleitoral de acirramento da polariza\u00e7\u00e3o, destacando que as condutas investigadas podem resultar em (a) a\u00e7\u00f5es violentas por ades\u00e3o de volunt\u00e1rios, considerando o meio em que se praticam os atos (aplicativos de comunica\u00e7\u00e3o); e (b) coopta\u00e7\u00e3o de pessoas em raz\u00e3o do poder econ\u00f4mico do mencionado grupo e utiliza\u00e7\u00e3o da posi\u00e7\u00e3o hier\u00e1rquica junto a funcion\u00e1rios para angariar votos ao candidato apoiado pelos empres\u00e1rios por meio de pagamento de \u201cb\u00f4nus em dinheiro ou em pr\u00eamio legal para todos os funcion\u00e1rios\u201d.<\/p>\n<p style=\"text-align: justify;\">Em sua decis\u00e3o, o ministro Alexandre de Moraes ressaltou a exist\u00eancia do mesmo\u00a0<i>modus operandi<\/i>\u00a0identificado nos referidos inqu\u00e9ritos, revelando verdadeira estrutura destinada \u00e0 propaga\u00e7\u00e3o de ataques ao Estado Democr\u00e1tico de Direito, ao Supremo Tribunal Federal, ao Tribunal Superior Eleitoral, al\u00e9m de autoridades vinculadas a esses \u00f3rg\u00e3os, com estrat\u00e9gias de divulga\u00e7\u00e3o bem definidas. Essas condutas, de elevado grau de periculosidade, se revelam n\u00e3o apenas como meros \u201ccrimes de opini\u00e3o\u201d, eis que os investigados, no contexto da organiza\u00e7\u00e3o criminosa sob an\u00e1lise, funcionam como l\u00edderes, incitando a pr\u00e1tica de diversos crimes e influenciando diversas outras pessoas, ainda que n\u00e3o integrantes da organiza\u00e7\u00e3o, a praticarem delitos.<\/p>\n<p style=\"text-align: justify;\">Al\u00e9m disso, a decis\u00e3o destacou que o poder de alcance das manifesta\u00e7\u00f5es il\u00edcitas fica absolutamente potencializado considerada a condi\u00e7\u00e3o financeira dos empres\u00e1rios apontados como envolvidos nos fatos, eis que possuem vultosas quantias de dinheiro, enquanto pessoas naturais, e comandam empresas de grande porte, que contam com milhares de empregados, sujeitos \u00e0s pol\u00edticas de trabalho por elas implementadas. Esse cen\u00e1rio, na avalia\u00e7\u00e3o do ministro, exige uma rea\u00e7\u00e3o absolutamente proporcional do Estado, no sentido de garantir a preserva\u00e7\u00e3o dos direitos e garantias fundamentais e afastar a poss\u00edvel influ\u00eancia econ\u00f4mica na propaga\u00e7\u00e3o de ideais e a\u00e7\u00f5es antidemocr\u00e1ticas.<\/p>\n<p style=\"text-align: justify;\">O ministro considerou presentes ind\u00edcios da pr\u00e1tica de incita\u00e7\u00e3o ao crime, associa\u00e7\u00e3o criminosa, aboli\u00e7\u00e3o violenta do Estado Democr\u00e1tico de Direito, golpe de Estado e organiza\u00e7\u00e3o criminosa &#8211; crimes previstos nos artigos 286, 288, 359-L e 359-M, do C\u00f3digo Penal, bem como no artigo 2\u00ba da Lei 12.850\/13, respectivamente.<\/p>\n<p style=\"text-align: justify;\">Leia a\u00a0<a href=\"http:\/\/www.stf.jus.br\/arquivo\/cms\/noticiaNoticiaStf\/anexo\/PET10543PUBLICO.pdf\" target=\"_blank\" rel=\"noopener\">\u00edntegra da decis\u00e3o que retirou o sigilo<\/a>.<\/p>\n<p style=\"text-align: justify;\">Leia a\u00a0<a href=\"https:\/\/www.stf.jus.br\/arquivo\/cms\/noticiaNoticiaStf\/anexo\/RepresentaesPFpet10543.pdf\" target=\"_blank\" rel=\"noopener\">\u00edntegra da representa\u00e7\u00e3o da PF<\/a>.<\/p>\n<p style=\"text-align: justify;\">Leia a\u00a0<a href=\"https:\/\/www.stf.jus.br\/arquivo\/cms\/noticiaNoticiaStf\/anexo\/Manifestac807a771oPET10543.pdf\" target=\"_blank\" rel=\"noopener\">\u00edntegra da manifesta\u00e7\u00e3o do juiz instrutor<\/a>.<\/p>\n<p style=\"text-align: justify;\">Leia a\u00a0<a href=\"http:\/\/www.stf.jus.br\/arquivo\/cms\/noticiaNoticiaStf\/anexo\/Decisa771oPET10543.pdf\" target=\"_blank\" rel=\"noopener\">\u00edntegra da decis\u00e3o que autorizou a opera\u00e7\u00e3o<\/a>.<\/p>\n<p style=\"text-align: justify;\">AscomSTF*<\/p>\n","protected":false},"excerpt":{"rendered":"<p>O ministro Alexandre de Moraes, do Supremo Tribunal Federal, tornou p\u00fablicos nesta segunda-feira (29) documentos sobre a opera\u00e7\u00e3o policial que&#8230;<\/p>\n","protected":false},"author":2,"featured_media":4248,"comment_status":"open","ping_status":"open","sticky":false,"template":"","format":"standard","meta":{"colormag_page_container_layout":"default_layout","colormag_page_sidebar_layout":"default_layout","jetpack_post_was_ever_published":false,"_jetpack_newsletter_access":"","_jetpack_dont_email_post_to_subs":false,"_jetpack_newsletter_tier_id":0,"_jetpack_memberships_contains_paywalled_content":false,"_jetpack_memberships_contains_paid_content":false,"footnotes":""},"categories":[2],"tags":[],"class_list":["post-9959","post","type-post","status-publish","format-standard","has-post-thumbnail","hentry","category-politica"],"jetpack_featured_media_url":"https:\/\/www.tribunanf.com.br\/blogdoralfereis\/wp-content\/uploads\/sites\/11\/2020\/06\/alexande-de-moraes.jpg","jetpack_sharing_enabled":true,"_links":{"self":[{"href":"https:\/\/www.tribunanf.com.br\/blogdoralfereis\/wp-json\/wp\/v2\/posts\/9959","targetHints":{"allow":["GET"]}}],"collection":[{"href":"https:\/\/www.tribunanf.com.br\/blogdoralfereis\/wp-json\/wp\/v2\/posts"}],"about":[{"href":"https:\/\/www.tribunanf.com.br\/blogdoralfereis\/wp-json\/wp\/v2\/types\/post"}],"author":[{"embeddable":true,"href":"https:\/\/www.tribunanf.com.br\/blogdoralfereis\/wp-json\/wp\/v2\/users\/2"}],"replies":[{"embeddable":true,"href":"https:\/\/www.tribunanf.com.br\/blogdoralfereis\/wp-json\/wp\/v2\/comments?post=9959"}],"version-history":[{"count":0,"href":"https:\/\/www.tribunanf.com.br\/blogdoralfereis\/wp-json\/wp\/v2\/posts\/9959\/revisions"}],"wp:featuredmedia":[{"embeddable":true,"href":"https:\/\/www.tribunanf.com.br\/blogdoralfereis\/wp-json\/wp\/v2\/media\/4248"}],"wp:attachment":[{"href":"https:\/\/www.tribunanf.com.br\/blogdoralfereis\/wp-json\/wp\/v2\/media?parent=9959"}],"wp:term":[{"taxonomy":"category","embeddable":true,"href":"https:\/\/www.tribunanf.com.br\/blogdoralfereis\/wp-json\/wp\/v2\/categories?post=9959"},{"taxonomy":"post_tag","embeddable":true,"href":"https:\/\/www.tribunanf.com.br\/blogdoralfereis\/wp-json\/wp\/v2\/tags?post=9959"}],"curies":[{"name":"wp","href":"https:\/\/api.w.org\/{rel}","templated":true}]}}