{"id":9956,"date":"2022-08-29T14:17:40","date_gmt":"2022-08-29T17:17:40","guid":{"rendered":"https:\/\/www.tribunanf.com.br\/blogdoralfereis\/?p=9956"},"modified":"2025-03-06T15:35:24","modified_gmt":"2025-03-06T18:35:24","slug":"quem-ganhou-mais-seguidores-nas-redes-sociais-com-o-debate-da-band","status":"publish","type":"post","link":"https:\/\/www.tribunanf.com.br\/blogdoralfereis\/2022\/08\/29\/quem-ganhou-mais-seguidores-nas-redes-sociais-com-o-debate-da-band\/","title":{"rendered":"Quem ganhou mais seguidores nas redes sociais com o debate da Band"},"content":{"rendered":"<p style=\"text-align: justify;\"><strong>Simone Tebet<\/strong>, do MDB, foi a candidata que mais conquistou ades\u00f5es no Facebook e no Instagram com o debate de ontem na Band, informa o blog de Lauro Jardim, de O Globo. Somadas as duas redes sociais, a senadora agregou 60,6 mil novos seguidores entre meia-noite de domingo e o in\u00edcio da manh\u00e3 desta segunda-feira, de acordo com dados in\u00e9ditos obtidos por meio da plataforma de monitoramento Crowdtangle. Cresceu 14,3% e, agora, tem 482,7 mil usu\u00e1rios que a acompanham (a maior parte pelo Instagram).<\/p>\n<p style=\"text-align: justify;\"><strong>Jair Bolsonaro e Lula<\/strong>, os dois nomes a quem Tebet se op\u00f4s ontem \u00e0 noite, registraram as maiores ades\u00f5es depois dela, em n\u00fameros absolutos. Foram adicionados 50,7 mil seguidores \u00e0 base bolsonarista nessas redes (o candidato do PL soma 35,7 milh\u00f5es de adeptos, com alta de 0,14%). O petista, por sua vez, tem 44,2 mil novos seguidores, chegando a 11,3 milh\u00f5es no total (subiu 0,39%).<\/p>\n<div class=\"mc-column content-text active-extra-styles \" style=\"text-align: justify;\" data-block-type=\"unstyled\" data-block-weight=\"63\" data-block-id=\"6\">\n<p class=\"content-text__container \" data-track-category=\"Link no Texto\" data-track-links=\"\"><strong>Ciro Gomes<\/strong>, do PDT, mobilizou 27,7 mil rec\u00e9m-interessados em suas publica\u00e7\u00f5es: um aumento de 1,1% no total de seguidores, que chegou a 2,4 milh\u00f5es. Completam a lista Felipe D&#8217;\u00c1vila, do Novo, com ganho de 17,3 mil seguidores (somando 164,6 mil e alta de 11,7%) e Soraya Thronicke, do Uni\u00e3o Brasil, que arregimentou 13,3 mil usu\u00e1rios (tem, ao todo, 171,8 mil seguidores, subindo 8,4%).<\/p>\n<\/div>\n<div class=\"mc-column content-text active-extra-styles \" style=\"text-align: justify;\" data-block-type=\"unstyled\" data-block-weight=\"13\" data-block-id=\"7\">\n<p class=\"content-text__container \" data-track-category=\"Link no Texto\" data-track-links=\"\"><strong>Veja o total de seguidores dos presidenci\u00e1veis, somados o Facebook e o Instagram:<\/strong><\/p>\n<\/div>\n<div class=\"mc-column content-text active-extra-styles \" style=\"text-align: justify;\" data-block-type=\"unstyled\" data-block-weight=\"14\" data-block-id=\"8\">\n<p class=\"content-text__container \" data-track-category=\"Link no Texto\" data-track-links=\"\">* Jair Bolsonaro (35.708.915 \u2014 0,14% a mais de domingo \u00e0s 7h30m desta segunda);<\/p>\n<\/div>\n<div class=\"mc-column content-text active-extra-styles \" style=\"text-align: justify;\" data-block-type=\"unstyled\" data-block-weight=\"7\" data-block-id=\"9\">\n<p class=\"content-text__container \" data-track-category=\"Link no Texto\" data-track-links=\"\">* Lula (11.361.212 \u2014 0,39% a mais);<\/p>\n<\/div>\n<div class=\"mc-column content-text active-extra-styles \" style=\"text-align: justify;\" data-block-type=\"unstyled\" data-block-weight=\"8\" data-block-id=\"10\">\n<p class=\"content-text__container \" data-track-category=\"Link no Texto\" data-track-links=\"\">* Ciro Gomes (2.424.654 \u2014 1,1% a mais);<\/p>\n<\/div>\n<div class=\"mc-column content-text active-extra-styles \" style=\"text-align: justify;\" data-block-type=\"unstyled\" data-block-weight=\"8\" data-block-id=\"11\">\n<p class=\"content-text__container \" data-track-category=\"Link no Texto\" data-track-links=\"\">* Simone Tebet (482.775 \u2014 14,3% a mais);<\/p>\n<\/div>\n<div class=\"mc-column content-text active-extra-styles \" style=\"text-align: justify;\" data-block-type=\"unstyled\" data-block-weight=\"8\" data-block-id=\"12\">\n<p class=\"content-text__container \" data-track-category=\"Link no Texto\" data-track-links=\"\">* Soraya Thronicke (171.882 \u2014 8,4% a mais);<\/p>\n<\/div>\n<div class=\"mc-column content-text active-extra-styles \" data-block-type=\"unstyled\" data-block-weight=\"8\" data-block-id=\"13\">\n<p class=\"content-text__container \" style=\"text-align: justify;\" data-track-category=\"Link no Texto\" data-track-links=\"\">* Felipe D&#8217;\u00c1vila (164.631 \u2014 11,7% a mais).<\/p>\n<\/div>\n","protected":false},"excerpt":{"rendered":"<p>Simone Tebet, do MDB, foi a candidata que mais conquistou ades\u00f5es no Facebook e no Instagram com o debate de&#8230;<\/p>\n","protected":false},"author":2,"featured_media":0,"comment_status":"open","ping_status":"open","sticky":false,"template":"","format":"standard","meta":{"colormag_page_container_layout":"default_layout","colormag_page_sidebar_layout":"default_layout","jetpack_post_was_ever_published":false,"_jetpack_newsletter_access":"","_jetpack_dont_email_post_to_subs":false,"_jetpack_newsletter_tier_id":0,"_jetpack_memberships_contains_paywalled_content":false,"_jetpack_memberships_contains_paid_content":false,"footnotes":""},"categories":[2],"tags":[],"class_list":["post-9956","post","type-post","status-publish","format-standard","hentry","category-politica"],"jetpack_featured_media_url":"","jetpack_sharing_enabled":true,"_links":{"self":[{"href":"https:\/\/www.tribunanf.com.br\/blogdoralfereis\/wp-json\/wp\/v2\/posts\/9956","targetHints":{"allow":["GET"]}}],"collection":[{"href":"https:\/\/www.tribunanf.com.br\/blogdoralfereis\/wp-json\/wp\/v2\/posts"}],"about":[{"href":"https:\/\/www.tribunanf.com.br\/blogdoralfereis\/wp-json\/wp\/v2\/types\/post"}],"author":[{"embeddable":true,"href":"https:\/\/www.tribunanf.com.br\/blogdoralfereis\/wp-json\/wp\/v2\/users\/2"}],"replies":[{"embeddable":true,"href":"https:\/\/www.tribunanf.com.br\/blogdoralfereis\/wp-json\/wp\/v2\/comments?post=9956"}],"version-history":[{"count":0,"href":"https:\/\/www.tribunanf.com.br\/blogdoralfereis\/wp-json\/wp\/v2\/posts\/9956\/revisions"}],"wp:attachment":[{"href":"https:\/\/www.tribunanf.com.br\/blogdoralfereis\/wp-json\/wp\/v2\/media?parent=9956"}],"wp:term":[{"taxonomy":"category","embeddable":true,"href":"https:\/\/www.tribunanf.com.br\/blogdoralfereis\/wp-json\/wp\/v2\/categories?post=9956"},{"taxonomy":"post_tag","embeddable":true,"href":"https:\/\/www.tribunanf.com.br\/blogdoralfereis\/wp-json\/wp\/v2\/tags?post=9956"}],"curies":[{"name":"wp","href":"https:\/\/api.w.org\/{rel}","templated":true}]}}