{"id":9928,"date":"2022-08-24T12:15:33","date_gmt":"2022-08-24T15:15:33","guid":{"rendered":"https:\/\/www.tribunanf.com.br\/blogdoralfereis\/?p=9928"},"modified":"2022-08-24T12:15:33","modified_gmt":"2022-08-24T15:15:33","slug":"wladimir-anuncia-publicacao-da-lei-que-aumenta-o-vale-alimentacao-em-ate-100","status":"publish","type":"post","link":"https:\/\/www.tribunanf.com.br\/blogdoralfereis\/2022\/08\/24\/wladimir-anuncia-publicacao-da-lei-que-aumenta-o-vale-alimentacao-em-ate-100\/","title":{"rendered":"Wladimir anuncia publica\u00e7\u00e3o da Lei que aumenta o Vale Alimenta\u00e7\u00e3o em at\u00e9 100%"},"content":{"rendered":"<p><img loading=\"lazy\" decoding=\"async\" class=\"aligncenter size-large wp-image-8789\" src=\"https:\/\/www.tribunanf.com.br\/blogdoralfereis\/wp-content\/uploads\/sites\/11\/2022\/03\/wlad-1024x573.png\" alt=\"\" width=\"800\" height=\"448\" \/><\/p>\n<p style=\"text-align: justify;\"><em>O valor j\u00e1 estar\u00e1 na pr\u00f3xima folha de pagamento dos servidores<\/em><\/p>\n<p style=\"text-align: justify;\">O Di\u00e1rio Oficial do Munic\u00edpio publica em edi\u00e7\u00e3o extra, nesta quarta-feira (24), a Lei do novo Vale Alimenta\u00e7\u00e3o dos servidores da Prefeitura de Campos. O an\u00fancio foi feito pelo prefeito Wladimir Garotinho, em postagem em sua rede social. Segundo ele, o benef\u00edcio j\u00e1 estar\u00e1 na pr\u00f3xima folha.<\/p>\n<p style=\"text-align: justify;\">&#8220;Ser\u00e1 publicado hoje em DO extra a lei do novo vale alimenta\u00e7\u00e3o. Mais uma conquista respons\u00e1vel e necess\u00e1ria. \u00c9 mais dinheiro circulando e movimentando a nossa economia que continua crescendo&#8221; postou o prefeito.<\/p>\n<p style=\"text-align: justify;\">O Projeto de Lei (PL) que aumentou em at\u00e9 100% o valor do Vale Alimenta\u00e7\u00e3o dos servidores da Prefeitura de Campos, foi aprovado por unanimidade pelos vereadores, no \u00faltimo dia 2. Em torno 11.500 funcion\u00e1rios p\u00fablicos do munic\u00edpio ser\u00e3o beneficiados. O PL \u00e9 de autoria do Executivo.<\/p>\n<p style=\"text-align: justify;\">De acordo com a Lei, quem tem sal\u00e1rio base de at\u00e9 R$ 3.409, o Vale sobe de R$ 200 para R$ 400. J\u00e1 os servidores com sal\u00e1rio base de R$ 3.410 a R$ 4.600, o Vale ser\u00e1 de R$ 200.<\/p>\n","protected":false},"excerpt":{"rendered":"<p>O valor j\u00e1 estar\u00e1 na pr\u00f3xima folha de pagamento dos servidores O Di\u00e1rio Oficial do Munic\u00edpio publica em edi\u00e7\u00e3o extra,&#8230;<\/p>\n","protected":false},"author":2,"featured_media":8789,"comment_status":"open","ping_status":"open","sticky":false,"template":"","format":"standard","meta":{"colormag_page_container_layout":"default_layout","colormag_page_sidebar_layout":"default_layout","jetpack_post_was_ever_published":false,"_jetpack_newsletter_access":"","_jetpack_dont_email_post_to_subs":false,"_jetpack_newsletter_tier_id":0,"_jetpack_memberships_contains_paywalled_content":false,"_jetpack_memberships_contains_paid_content":false,"footnotes":""},"categories":[2],"tags":[],"class_list":["post-9928","post","type-post","status-publish","format-standard","has-post-thumbnail","hentry","category-politica"],"jetpack_featured_media_url":"https:\/\/www.tribunanf.com.br\/blogdoralfereis\/wp-content\/uploads\/sites\/11\/2022\/03\/wlad-e1646775402199.png","jetpack_sharing_enabled":true,"_links":{"self":[{"href":"https:\/\/www.tribunanf.com.br\/blogdoralfereis\/wp-json\/wp\/v2\/posts\/9928","targetHints":{"allow":["GET"]}}],"collection":[{"href":"https:\/\/www.tribunanf.com.br\/blogdoralfereis\/wp-json\/wp\/v2\/posts"}],"about":[{"href":"https:\/\/www.tribunanf.com.br\/blogdoralfereis\/wp-json\/wp\/v2\/types\/post"}],"author":[{"embeddable":true,"href":"https:\/\/www.tribunanf.com.br\/blogdoralfereis\/wp-json\/wp\/v2\/users\/2"}],"replies":[{"embeddable":true,"href":"https:\/\/www.tribunanf.com.br\/blogdoralfereis\/wp-json\/wp\/v2\/comments?post=9928"}],"version-history":[{"count":0,"href":"https:\/\/www.tribunanf.com.br\/blogdoralfereis\/wp-json\/wp\/v2\/posts\/9928\/revisions"}],"wp:featuredmedia":[{"embeddable":true,"href":"https:\/\/www.tribunanf.com.br\/blogdoralfereis\/wp-json\/wp\/v2\/media\/8789"}],"wp:attachment":[{"href":"https:\/\/www.tribunanf.com.br\/blogdoralfereis\/wp-json\/wp\/v2\/media?parent=9928"}],"wp:term":[{"taxonomy":"category","embeddable":true,"href":"https:\/\/www.tribunanf.com.br\/blogdoralfereis\/wp-json\/wp\/v2\/categories?post=9928"},{"taxonomy":"post_tag","embeddable":true,"href":"https:\/\/www.tribunanf.com.br\/blogdoralfereis\/wp-json\/wp\/v2\/tags?post=9928"}],"curies":[{"name":"wp","href":"https:\/\/api.w.org\/{rel}","templated":true}]}}