{"id":9906,"date":"2022-08-22T17:55:22","date_gmt":"2022-08-22T20:55:22","guid":{"rendered":"https:\/\/www.tribunanf.com.br\/blogdoralfereis\/?p=9906"},"modified":"2022-08-22T17:55:22","modified_gmt":"2022-08-22T20:55:22","slug":"andre-ceciliano-ultimo-voto-que-o-eleitor-decide-e-o-de-senador","status":"publish","type":"post","link":"https:\/\/www.tribunanf.com.br\/blogdoralfereis\/2022\/08\/22\/andre-ceciliano-ultimo-voto-que-o-eleitor-decide-e-o-de-senador\/","title":{"rendered":"Andr\u00e9 Ceciliano: &#8220;\u00faltimo voto que o eleitor decide \u00e9 o de senador&#8221;"},"content":{"rendered":"<p><img loading=\"lazy\" decoding=\"async\" class=\"aligncenter size-full wp-image-9907\" src=\"https:\/\/www.tribunanf.com.br\/blogdoralfereis\/wp-content\/uploads\/sites\/11\/2022\/08\/c92b94fe-e0f8-46a7-a759-5ac6d798a169.png\" alt=\"\" width=\"721\" height=\"537\" srcset=\"https:\/\/www.tribunanf.com.br\/blogdoralfereis\/wp-content\/uploads\/sites\/11\/2022\/08\/c92b94fe-e0f8-46a7-a759-5ac6d798a169.png 721w, https:\/\/www.tribunanf.com.br\/blogdoralfereis\/wp-content\/uploads\/sites\/11\/2022\/08\/c92b94fe-e0f8-46a7-a759-5ac6d798a169-300x223.png 300w\" sizes=\"auto, (max-width: 721px) 100vw, 721px\" \/><\/p>\n<p style=\"text-align: justify;\">As pesquisas de inten\u00e7\u00e3o de voto no Rio de Janeiro demonstram que a maioria dos eleitores ainda n\u00e3o tem candidato ao Senado. Nos cen\u00e1rios espont\u00e2neos apresentados (ou seja, quando n\u00e3o s\u00e3o colocados nas cartelas os nomes dos postulantes), os resultados s\u00e3o bem parecidos. Na pesquisa do IPEC (antigo IBOPE) divulgada na \u00faltima ter\u00e7a-feira (16), o resultado foi que 71% dos eleitores disseram n\u00e3o saber dizer ainda em quem iriam votar. Na da Geneal\/Quaest, publicada dois dias depois (18), esse percentual foi ainda maior: 88% n\u00e3o souberam citar espontaneamente o nome dos seus candidatos \u00e0 C\u00e2mara Alta.<\/p>\n<p style=\"text-align: justify;\">&#8220;Historicamente, o voto ao senado \u00e9 o \u00faltimo voto que o eleitor decide&#8221;, comentou o candidato da Federa\u00e7\u00e3o Brasil da Esperan\u00e7a (PT\/PCdoB\/PV), Andr\u00e9 Ceciliano, durante uma caminhada em Nova Igua\u00e7u na manh\u00e3 desta segunda (22). Ele diz n\u00e3o estar preocupado, por ora, com os resultados das pesquisas. Segundo os estudos feitos pela campanha, ele ainda \u00e9 desconhecido por 70% do eleitorado fluminense. &#8220;Pesquisa pra Senado, ainda mais faltando tanto tempo, n\u00e3o quer dizer rigorosamente nada. Em 2018, aqui no Rio, o C\u00e9sar Maia liderava as pesquisas na antev\u00e9spera da elei\u00e7\u00e3o, quando chegou a ter 27% no Ibope. E perdeu. Em Minas Gerais, a ex-presidenta Dilma Rousseff chegou a pontuar 29%. Tamb\u00e9m n\u00e3o entrou&#8221;, lembra Andr\u00e9.<\/p>\n<p style=\"text-align: justify;\">O cientista pol\u00edtico e professor da UFRJ Paulo Ba\u00eda refor\u00e7a a tese do candidato. &#8220;O que a gente pode dizer \u00e9 que ainda n\u00e3o existe um candidato que esteja efetivamente \u00e0 frente na corrida para o Senado. N\u00e3o que as pesquisas estimuladas estejam erradas, mas \u00e9 importante saber que elas registram um momento e t\u00eam muito a ver com o grau de conhecimento dos candidatos, o chamado recall&#8221;, explica o acad\u00eamico.<\/p>\n<p style=\"text-align: justify;\">Por duas vezes, pesquisas do IPEC mostraram que, quando apresentado como &#8220;o candidato do Lula&#8221;, Andr\u00e9 dispara no cen\u00e1rio estimulado a ponto de ultrapassar ou empatar com Rom\u00e1rio, cujo nome foi colocado nessas sondagens como &#8220;o candidato do Bolsonaro&#8221;. &#8220;Tem muita \u00e1gua pra rolar. A campanha est\u00e1 s\u00f3 come\u00e7ando&#8221;, afirma Andr\u00e9, que aposta no fato de ter o segundo maior de r\u00e1dio e TV entre os candidatos ao Senado, com 1m16s \u2013 atr\u00e1s apenas de Clarissa Garotinho (Uni\u00e3o Brasil), que ter\u00e1 1m28 \u2013 para se tornar mais conhecido.<\/p>\n<p style=\"text-align: justify;\"><em>Assessoria do candidato*<\/em><\/p>\n","protected":false},"excerpt":{"rendered":"<p>As pesquisas de inten\u00e7\u00e3o de voto no Rio de Janeiro demonstram que a maioria dos eleitores ainda n\u00e3o tem candidato&#8230;<\/p>\n","protected":false},"author":2,"featured_media":9907,"comment_status":"open","ping_status":"open","sticky":false,"template":"","format":"standard","meta":{"colormag_page_container_layout":"default_layout","colormag_page_sidebar_layout":"default_layout","jetpack_post_was_ever_published":false,"_jetpack_newsletter_access":"","_jetpack_dont_email_post_to_subs":false,"_jetpack_newsletter_tier_id":0,"_jetpack_memberships_contains_paywalled_content":false,"_jetpack_memberships_contains_paid_content":false,"footnotes":""},"categories":[2],"tags":[],"class_list":["post-9906","post","type-post","status-publish","format-standard","has-post-thumbnail","hentry","category-politica"],"jetpack_featured_media_url":"https:\/\/www.tribunanf.com.br\/blogdoralfereis\/wp-content\/uploads\/sites\/11\/2022\/08\/c92b94fe-e0f8-46a7-a759-5ac6d798a169.png","jetpack_sharing_enabled":true,"_links":{"self":[{"href":"https:\/\/www.tribunanf.com.br\/blogdoralfereis\/wp-json\/wp\/v2\/posts\/9906","targetHints":{"allow":["GET"]}}],"collection":[{"href":"https:\/\/www.tribunanf.com.br\/blogdoralfereis\/wp-json\/wp\/v2\/posts"}],"about":[{"href":"https:\/\/www.tribunanf.com.br\/blogdoralfereis\/wp-json\/wp\/v2\/types\/post"}],"author":[{"embeddable":true,"href":"https:\/\/www.tribunanf.com.br\/blogdoralfereis\/wp-json\/wp\/v2\/users\/2"}],"replies":[{"embeddable":true,"href":"https:\/\/www.tribunanf.com.br\/blogdoralfereis\/wp-json\/wp\/v2\/comments?post=9906"}],"version-history":[{"count":0,"href":"https:\/\/www.tribunanf.com.br\/blogdoralfereis\/wp-json\/wp\/v2\/posts\/9906\/revisions"}],"wp:featuredmedia":[{"embeddable":true,"href":"https:\/\/www.tribunanf.com.br\/blogdoralfereis\/wp-json\/wp\/v2\/media\/9907"}],"wp:attachment":[{"href":"https:\/\/www.tribunanf.com.br\/blogdoralfereis\/wp-json\/wp\/v2\/media?parent=9906"}],"wp:term":[{"taxonomy":"category","embeddable":true,"href":"https:\/\/www.tribunanf.com.br\/blogdoralfereis\/wp-json\/wp\/v2\/categories?post=9906"},{"taxonomy":"post_tag","embeddable":true,"href":"https:\/\/www.tribunanf.com.br\/blogdoralfereis\/wp-json\/wp\/v2\/tags?post=9906"}],"curies":[{"name":"wp","href":"https:\/\/api.w.org\/{rel}","templated":true}]}}