{"id":9881,"date":"2022-08-18T08:55:06","date_gmt":"2022-08-18T11:55:06","guid":{"rendered":"https:\/\/www.tribunanf.com.br\/blogdoralfereis\/?p=9881"},"modified":"2022-08-18T08:55:06","modified_gmt":"2022-08-18T11:55:06","slug":"pesquisa-genial-quaest-rj-romario-lidera-para-o-senado-com-30-daciolo-e-molon-tem-10","status":"publish","type":"post","link":"https:\/\/www.tribunanf.com.br\/blogdoralfereis\/2022\/08\/18\/pesquisa-genial-quaest-rj-romario-lidera-para-o-senado-com-30-daciolo-e-molon-tem-10\/","title":{"rendered":"Pesquisa Genial\/Quaest RJ: Rom\u00e1rio lidera para o Senado com 30%; Daciolo e Molon t\u00eam 10%"},"content":{"rendered":"<p><img loading=\"lazy\" decoding=\"async\" class=\"aligncenter size-large wp-image-9882\" src=\"https:\/\/www.tribunanf.com.br\/blogdoralfereis\/wp-content\/uploads\/sites\/11\/2022\/08\/senadorj_Easy-Resize.com_-1024x612.jpg\" alt=\"\" width=\"800\" height=\"478\" \/><\/p>\n<p style=\"text-align: justify;\">O senador Rom\u00e1rio (PL) lidera as inten\u00e7\u00f5es de voto dos eleitores do Rio de Janeiro no in\u00edcio da campanha eleitoral, segundo pesquisa Genial\/Quaest divulgada nesta quinta-feira. O parlamentar tem 30% das inten\u00e7\u00f5es de voto, seguido por Cabo Daciolo, do PDT, e Alessandro Molon, do PSB, ambos com 10%.<\/p>\n<p style=\"text-align: justify;\">Na primeira pesquisa ap\u00f3s a confirma\u00e7\u00e3o das candidaturas, Daciolo surpreendeu, aparecendo numericamente de outros candidatos, como Clarissa Garotinho (Uni\u00e3o), que teve 8% das men\u00e7\u00f5es, e Daniel Silveira (PTB), que foi lembrado por 7% dos eleitores. Daciolo foi candidato \u00e0 Presid\u00eancia em 2018.<\/p>\n<p style=\"text-align: justify;\">Os dados da pesquisa espont\u00e2nea apontam, entretanto, que a elei\u00e7\u00e3o est\u00e1 indefinida. Quando n\u00e3o s\u00e3o apresentados os nomes dos candidatos, 88% dos eleitores dizem que n\u00e3o sabem em quem v\u00e3o votar. Apenas 4% lembram do nome de Rom\u00e1rio e outros 2% citam o deputado federal Alessandro Molon. Outros 3% dizem que n\u00e3o v\u00e3o votar ou ir\u00e3o votar em branco ou nulo.<\/p>\n<p style=\"text-align: justify;\">A pesquisa ouviu 1500 eleitores no Rio de Janeiro entre os dias 12 e 15 de agosto. A margem de erro \u00e9 de 2,5 pontos percentuais para mais ou para menos, com um intervalo de confian\u00e7a de 95%. O levantamento foi registrado no Tribunal Superior Eleitoral sob o n\u00famero RJ-07554\/2022 e BR-08389\/2022.<\/p>\n<p style=\"text-align: justify;\">A pesquisa tamb\u00e9m questionou os eleitores sobre a elei\u00e7\u00e3o estadual e presidencial. Para o governo do estado, Cl\u00e1udio Castro lidera a disputa com 25% das inten\u00e7\u00f5es de voto contra 19% de Marcelo Freixo. J\u00e1 na elei\u00e7\u00e3o para o Pal\u00e1cio do Planalto, o ex-presidente Luiz In\u00e1cio Lula da Silva (PT) aparece empatado numericamente com o presidente Jair Bolsonaro (PL), com 39%.<\/p>\n","protected":false},"excerpt":{"rendered":"<p>O senador Rom\u00e1rio (PL) lidera as inten\u00e7\u00f5es de voto dos eleitores do Rio de Janeiro no in\u00edcio da campanha eleitoral,&#8230;<\/p>\n","protected":false},"author":2,"featured_media":0,"comment_status":"open","ping_status":"open","sticky":false,"template":"","format":"standard","meta":{"colormag_page_container_layout":"default_layout","colormag_page_sidebar_layout":"default_layout","jetpack_post_was_ever_published":false,"_jetpack_newsletter_access":"","_jetpack_dont_email_post_to_subs":false,"_jetpack_newsletter_tier_id":0,"_jetpack_memberships_contains_paywalled_content":false,"_jetpack_memberships_contains_paid_content":false,"footnotes":""},"categories":[2],"tags":[],"class_list":["post-9881","post","type-post","status-publish","format-standard","hentry","category-politica"],"jetpack_featured_media_url":"","jetpack_sharing_enabled":true,"_links":{"self":[{"href":"https:\/\/www.tribunanf.com.br\/blogdoralfereis\/wp-json\/wp\/v2\/posts\/9881","targetHints":{"allow":["GET"]}}],"collection":[{"href":"https:\/\/www.tribunanf.com.br\/blogdoralfereis\/wp-json\/wp\/v2\/posts"}],"about":[{"href":"https:\/\/www.tribunanf.com.br\/blogdoralfereis\/wp-json\/wp\/v2\/types\/post"}],"author":[{"embeddable":true,"href":"https:\/\/www.tribunanf.com.br\/blogdoralfereis\/wp-json\/wp\/v2\/users\/2"}],"replies":[{"embeddable":true,"href":"https:\/\/www.tribunanf.com.br\/blogdoralfereis\/wp-json\/wp\/v2\/comments?post=9881"}],"version-history":[{"count":0,"href":"https:\/\/www.tribunanf.com.br\/blogdoralfereis\/wp-json\/wp\/v2\/posts\/9881\/revisions"}],"wp:attachment":[{"href":"https:\/\/www.tribunanf.com.br\/blogdoralfereis\/wp-json\/wp\/v2\/media?parent=9881"}],"wp:term":[{"taxonomy":"category","embeddable":true,"href":"https:\/\/www.tribunanf.com.br\/blogdoralfereis\/wp-json\/wp\/v2\/categories?post=9881"},{"taxonomy":"post_tag","embeddable":true,"href":"https:\/\/www.tribunanf.com.br\/blogdoralfereis\/wp-json\/wp\/v2\/tags?post=9881"}],"curies":[{"name":"wp","href":"https:\/\/api.w.org\/{rel}","templated":true}]}}