{"id":9852,"date":"2022-08-15T14:15:16","date_gmt":"2022-08-15T17:15:16","guid":{"rendered":"https:\/\/www.tribunanf.com.br\/blogdoralfereis\/?p=9852"},"modified":"2022-08-15T19:29:12","modified_gmt":"2022-08-15T22:29:12","slug":"procon-emite-nota-tecnica-contra-aguas-do-paraiba-apos-reclamacoes-de-consumidores","status":"publish","type":"post","link":"https:\/\/www.tribunanf.com.br\/blogdoralfereis\/2022\/08\/15\/procon-emite-nota-tecnica-contra-aguas-do-paraiba-apos-reclamacoes-de-consumidores\/","title":{"rendered":"Procon emite nota t\u00e9cnica contra \u00c1guas do Para\u00edba ap\u00f3s reclama\u00e7\u00f5es de consumidores"},"content":{"rendered":"<p><img loading=\"lazy\" decoding=\"async\" class=\"aligncenter size-large wp-image-9564\" src=\"https:\/\/www.tribunanf.com.br\/blogdoralfereis\/wp-content\/uploads\/sites\/11\/2022\/06\/aguas-do-paraiba_Easy-Resize.com_-1024x441.jpg\" alt=\"\" width=\"800\" height=\"345\" srcset=\"https:\/\/www.tribunanf.com.br\/blogdoralfereis\/wp-content\/uploads\/sites\/11\/2022\/06\/aguas-do-paraiba_Easy-Resize.com_-1024x441.jpg 1024w, https:\/\/www.tribunanf.com.br\/blogdoralfereis\/wp-content\/uploads\/sites\/11\/2022\/06\/aguas-do-paraiba_Easy-Resize.com_-300x129.jpg 300w, https:\/\/www.tribunanf.com.br\/blogdoralfereis\/wp-content\/uploads\/sites\/11\/2022\/06\/aguas-do-paraiba_Easy-Resize.com_-768x331.jpg 768w, https:\/\/www.tribunanf.com.br\/blogdoralfereis\/wp-content\/uploads\/sites\/11\/2022\/06\/aguas-do-paraiba_Easy-Resize.com_.jpg 1280w\" sizes=\"auto, (max-width: 800px) 100vw, 800px\" \/><\/p>\n<p style=\"text-align: justify;\">O Procon Campos vem recebendo v\u00e1rias reclama\u00e7\u00f5es contra a empresa \u00c1guas do Para\u00edba. Conforme relatos de consumidores, a concession\u00e1ria vem inserindo nas faturas de consumo atuais os reajustes retroativos, aplicados desde fevereiro de 2022. De acordo com Procon, a empresa vem impondo parcelamento, em sete vezes, do reajuste autorizado judicialmente nas contas de consumo atuais dos consumidores. Apesar da evidente ilegalidade dessa forma de cobran\u00e7a, for\u00e7ando o consumidor a quitar o parcelamento e o consumo atual, sob pena de suspens\u00e3o dos servi\u00e7os, o \u00f3rg\u00e3o esclarece que esta \u00e9 uma pr\u00e1tica abusiva a ser apurada em processo administrativo.<\/p>\n<p style=\"text-align: justify;\">A secret\u00e1ria executiva do Procon Campos, Priscilla Nunes, tem ci\u00eancia da decis\u00e3o da 8\u00aa C\u00e2mara C\u00edvel do Tribunal de Justi\u00e7a do Rio de Janeiro (TJ-RJ), autorizando a concession\u00e1ria \u00c1guas do Para\u00edba a praticar reajuste de 18,10% na conta de \u00e1gua, mas que os crit\u00e9rios para aplica\u00e7\u00e3o retroativa v\u00eam sendo flagrantemente desrespeitados. \u201cPor isso pedimos que a popula\u00e7\u00e3o se dirija ao Procon Campos para registrar suas reclama\u00e7\u00f5es\u201d, disse Priscilla, esclarecendo que o prefeito Wladimir Garotinho, em dezembro do ano passado, negou a solicita\u00e7\u00e3o de reajuste feita pela \u00c1guas do Para\u00edba e a Prefeitura de Campos j\u00e1 recorreu.<\/p>\n<p style=\"text-align: justify;\">A Diretoria Jur\u00eddica elaborou Nota T\u00e9cnica sobre o tema a fim de nortear as diretrizes a serem adotadas pelo Procon Campos. A diretora jur\u00eddica do Procon, Clarissa Prestes, destaca que \u201cal\u00e9m da cobran\u00e7a irregular nas faturas de consumo efetivo, com a imposi\u00e7\u00e3o de parcelamento sem anu\u00eancia do consumidor e a falta de clareza e transpar\u00eancia quanto \u00e0 f\u00f3rmula de c\u00e1lculo utilizada para aplicar o reajuste, caracteriza pr\u00e1tica infrativa pass\u00edvel de san\u00e7\u00e3o administrativa\u201d.<\/p>\n<p style=\"text-align: justify;\">\u201cO \u00f3rg\u00e3o vem atuando de forma incisiva para inibir a conduta inaceit\u00e1vel da concession\u00e1ria \u00c1guas do Para\u00edba que vem deixando a popula\u00e7\u00e3o revoltada\u201d, esclareceu Priscilla Nunes. O Procon est\u00e1 localizado na Avenida Jos\u00e9 Alves de Azevedo (Beira Val\u00e3o), 236, Centro, e funciona de segunda a sexta-feira, das 9h \u00e0s 17h.<\/p>\n<p style=\"text-align: justify;\">Secom*<\/p>\n","protected":false},"excerpt":{"rendered":"<p>O Procon Campos vem recebendo v\u00e1rias reclama\u00e7\u00f5es contra a empresa \u00c1guas do Para\u00edba. Conforme relatos de consumidores, a concession\u00e1ria vem&#8230;<\/p>\n","protected":false},"author":2,"featured_media":9564,"comment_status":"open","ping_status":"open","sticky":false,"template":"","format":"standard","meta":{"colormag_page_container_layout":"default_layout","colormag_page_sidebar_layout":"default_layout","jetpack_post_was_ever_published":false,"_jetpack_newsletter_access":"","_jetpack_dont_email_post_to_subs":false,"_jetpack_newsletter_tier_id":0,"_jetpack_memberships_contains_paywalled_content":false,"_jetpack_memberships_contains_paid_content":false,"footnotes":""},"categories":[7],"tags":[],"class_list":["post-9852","post","type-post","status-publish","format-standard","has-post-thumbnail","hentry","category-economia"],"jetpack_featured_media_url":"https:\/\/www.tribunanf.com.br\/blogdoralfereis\/wp-content\/uploads\/sites\/11\/2022\/06\/aguas-do-paraiba_Easy-Resize.com_.jpg","jetpack_sharing_enabled":true,"_links":{"self":[{"href":"https:\/\/www.tribunanf.com.br\/blogdoralfereis\/wp-json\/wp\/v2\/posts\/9852","targetHints":{"allow":["GET"]}}],"collection":[{"href":"https:\/\/www.tribunanf.com.br\/blogdoralfereis\/wp-json\/wp\/v2\/posts"}],"about":[{"href":"https:\/\/www.tribunanf.com.br\/blogdoralfereis\/wp-json\/wp\/v2\/types\/post"}],"author":[{"embeddable":true,"href":"https:\/\/www.tribunanf.com.br\/blogdoralfereis\/wp-json\/wp\/v2\/users\/2"}],"replies":[{"embeddable":true,"href":"https:\/\/www.tribunanf.com.br\/blogdoralfereis\/wp-json\/wp\/v2\/comments?post=9852"}],"version-history":[{"count":0,"href":"https:\/\/www.tribunanf.com.br\/blogdoralfereis\/wp-json\/wp\/v2\/posts\/9852\/revisions"}],"wp:featuredmedia":[{"embeddable":true,"href":"https:\/\/www.tribunanf.com.br\/blogdoralfereis\/wp-json\/wp\/v2\/media\/9564"}],"wp:attachment":[{"href":"https:\/\/www.tribunanf.com.br\/blogdoralfereis\/wp-json\/wp\/v2\/media?parent=9852"}],"wp:term":[{"taxonomy":"category","embeddable":true,"href":"https:\/\/www.tribunanf.com.br\/blogdoralfereis\/wp-json\/wp\/v2\/categories?post=9852"},{"taxonomy":"post_tag","embeddable":true,"href":"https:\/\/www.tribunanf.com.br\/blogdoralfereis\/wp-json\/wp\/v2\/tags?post=9852"}],"curies":[{"name":"wp","href":"https:\/\/api.w.org\/{rel}","templated":true}]}}