{"id":9815,"date":"2022-08-05T17:12:54","date_gmt":"2022-08-05T20:12:54","guid":{"rendered":"https:\/\/www.tribunanf.com.br\/blogdoralfereis\/?p=9815"},"modified":"2022-08-05T17:12:54","modified_gmt":"2022-08-05T20:12:54","slug":"tce-rj-anuncia-auditoria-em-todos-os-contratos-do-ceperj","status":"publish","type":"post","link":"https:\/\/www.tribunanf.com.br\/blogdoralfereis\/2022\/08\/05\/tce-rj-anuncia-auditoria-em-todos-os-contratos-do-ceperj\/","title":{"rendered":"TCE-RJ anuncia auditoria em todos os contratos do Ceperj"},"content":{"rendered":"<p><img loading=\"lazy\" decoding=\"async\" class=\"aligncenter size-full wp-image-7127\" src=\"https:\/\/www.tribunanf.com.br\/blogdoralfereis\/wp-content\/uploads\/sites\/11\/2021\/06\/tce.jpg\" alt=\"\" width=\"768\" height=\"432\" srcset=\"https:\/\/www.tribunanf.com.br\/blogdoralfereis\/wp-content\/uploads\/sites\/11\/2021\/06\/tce.jpg 768w, https:\/\/www.tribunanf.com.br\/blogdoralfereis\/wp-content\/uploads\/sites\/11\/2021\/06\/tce-300x169.jpg 300w\" sizes=\"auto, (max-width: 768px) 100vw, 768px\" \/><\/p>\n<p style=\"text-align: justify;\">O Tribunal de Contas do Estado do Rio de Janeiro (TCE-RJ) vai ampliar a fiscaliza\u00e7\u00e3o dos projetos da Funda\u00e7\u00e3o Ceperj, por determina\u00e7\u00e3o da Presid\u00eancia.<\/p>\n<p style=\"text-align: justify;\">O TCE-RJ aprovou nesta sexta-feira (5) uma proposta de instaura\u00e7\u00e3o de auditoria especial, feita pela Secretaria-Geral de Controle Externo, para verificar a legalidade das admiss\u00f5es de pessoal de todos os projetos do \u00f3rg\u00e3o.<\/p>\n<p style=\"text-align: justify;\"><strong>Troca no comando da funda\u00e7\u00e3o<\/strong><\/p>\n<p style=\"text-align: justify;\">Na noite de quinta-feira (4), o Governo do Estado do Rio de Janeiro anunciou que mudou o comando da Funda\u00e7\u00e3o Ceperj.<\/p>\n<p style=\"text-align: justify;\">O an\u00fancio foi feito por Cl\u00e1udio Castro, e foi a primeira vez que ele falou sobre o esc\u00e2ndalo da Ceperj em uma rede social. A edi\u00e7\u00e3o extra do Di\u00e1rio Oficial do Estado desta quinta-feira (4) j\u00e1 trouxe a exonera\u00e7\u00e3o.<\/p>\n<p style=\"text-align: justify;\">Em julho do ano passado, o RJ2 mostrou que a funda\u00e7\u00e3o era usada para motiva\u00e7\u00f5es pol\u00edticas e mostrou pessoas trabalhando com coletes escritos \u201cFam\u00edlia Amorim\u201d, numa refer\u00eancia ao deputado Rodrigo Amorim.<\/p>\n<p style=\"text-align: justify;\">Na \u00e9poca, ele disse que n\u00e3o tinha como investigar o que se passava dentro da funda\u00e7\u00e3o e o Minist\u00e9rio P\u00fablico prometeu fiscalizar.<\/p>\n<p style=\"text-align: justify;\">Entenda o esc\u00e2ndalo<br \/>\nAgora, al\u00e9m de empregar uma s\u00e9rie de funcion\u00e1rios que n\u00e3o atuam na funda\u00e7\u00e3o ou atuam em duplicidade de \u00f3rg\u00e3os, o que \u00e9 ilegal, o RJ2 mostrou tamb\u00e9m que muitos recebiam seus pagamento em esp\u00e9cie, em caixas eletr\u00f4nicos, o que, segudo o MP, \u00e9 proibido e ind\u00edcio de fraude.<\/p>\n<p style=\"text-align: justify;\">O Minist\u00e9rio afirma ainda que &#8220;tantos saques em dinheiro constituem a n\u00edtida afronta \u00e0s normas de preven\u00e7\u00e3o \u00e0 lavagem de dinheiro\u201d.<\/p>\n","protected":false},"excerpt":{"rendered":"<p>O Tribunal de Contas do Estado do Rio de Janeiro (TCE-RJ) vai ampliar a fiscaliza\u00e7\u00e3o dos projetos da Funda\u00e7\u00e3o Ceperj,&#8230;<\/p>\n","protected":false},"author":2,"featured_media":7127,"comment_status":"open","ping_status":"open","sticky":false,"template":"","format":"standard","meta":{"colormag_page_container_layout":"default_layout","colormag_page_sidebar_layout":"default_layout","jetpack_post_was_ever_published":false,"_jetpack_newsletter_access":"","_jetpack_dont_email_post_to_subs":false,"_jetpack_newsletter_tier_id":0,"_jetpack_memberships_contains_paywalled_content":false,"_jetpack_memberships_contains_paid_content":false,"footnotes":""},"categories":[2],"tags":[],"class_list":["post-9815","post","type-post","status-publish","format-standard","has-post-thumbnail","hentry","category-politica"],"jetpack_featured_media_url":"https:\/\/www.tribunanf.com.br\/blogdoralfereis\/wp-content\/uploads\/sites\/11\/2021\/06\/tce.jpg","jetpack_sharing_enabled":true,"_links":{"self":[{"href":"https:\/\/www.tribunanf.com.br\/blogdoralfereis\/wp-json\/wp\/v2\/posts\/9815","targetHints":{"allow":["GET"]}}],"collection":[{"href":"https:\/\/www.tribunanf.com.br\/blogdoralfereis\/wp-json\/wp\/v2\/posts"}],"about":[{"href":"https:\/\/www.tribunanf.com.br\/blogdoralfereis\/wp-json\/wp\/v2\/types\/post"}],"author":[{"embeddable":true,"href":"https:\/\/www.tribunanf.com.br\/blogdoralfereis\/wp-json\/wp\/v2\/users\/2"}],"replies":[{"embeddable":true,"href":"https:\/\/www.tribunanf.com.br\/blogdoralfereis\/wp-json\/wp\/v2\/comments?post=9815"}],"version-history":[{"count":0,"href":"https:\/\/www.tribunanf.com.br\/blogdoralfereis\/wp-json\/wp\/v2\/posts\/9815\/revisions"}],"wp:featuredmedia":[{"embeddable":true,"href":"https:\/\/www.tribunanf.com.br\/blogdoralfereis\/wp-json\/wp\/v2\/media\/7127"}],"wp:attachment":[{"href":"https:\/\/www.tribunanf.com.br\/blogdoralfereis\/wp-json\/wp\/v2\/media?parent=9815"}],"wp:term":[{"taxonomy":"category","embeddable":true,"href":"https:\/\/www.tribunanf.com.br\/blogdoralfereis\/wp-json\/wp\/v2\/categories?post=9815"},{"taxonomy":"post_tag","embeddable":true,"href":"https:\/\/www.tribunanf.com.br\/blogdoralfereis\/wp-json\/wp\/v2\/tags?post=9815"}],"curies":[{"name":"wp","href":"https:\/\/api.w.org\/{rel}","templated":true}]}}