{"id":9782,"date":"2022-07-30T09:43:46","date_gmt":"2022-07-30T12:43:46","guid":{"rendered":"https:\/\/www.tribunanf.com.br\/blogdoralfereis\/?p=9782"},"modified":"2022-07-30T09:43:46","modified_gmt":"2022-07-30T12:43:46","slug":"militares-terao-lugar-constitucional-nas-eleicoes-diz-presidente-do-tre-rj","status":"publish","type":"post","link":"https:\/\/www.tribunanf.com.br\/blogdoralfereis\/2022\/07\/30\/militares-terao-lugar-constitucional-nas-eleicoes-diz-presidente-do-tre-rj\/","title":{"rendered":"Militares ter\u00e3o lugar constitucional nas elei\u00e7\u00f5es, diz presidente do TRE-RJ"},"content":{"rendered":"<figure id=\"attachment_9783\" aria-describedby=\"caption-attachment-9783\" style=\"width: 800px\" class=\"wp-caption aligncenter\"><img loading=\"lazy\" decoding=\"async\" class=\"wp-image-9783 size-large\" src=\"https:\/\/www.tribunanf.com.br\/blogdoralfereis\/wp-content\/uploads\/sites\/11\/2022\/07\/WhatsApp-Image-2022-07-29-at-22_Easy-Resize.com_-1024x768.jpg\" alt=\"\" width=\"800\" height=\"600\" srcset=\"https:\/\/www.tribunanf.com.br\/blogdoralfereis\/wp-content\/uploads\/sites\/11\/2022\/07\/WhatsApp-Image-2022-07-29-at-22_Easy-Resize.com_-1024x768.jpg 1024w, https:\/\/www.tribunanf.com.br\/blogdoralfereis\/wp-content\/uploads\/sites\/11\/2022\/07\/WhatsApp-Image-2022-07-29-at-22_Easy-Resize.com_-300x225.jpg 300w, https:\/\/www.tribunanf.com.br\/blogdoralfereis\/wp-content\/uploads\/sites\/11\/2022\/07\/WhatsApp-Image-2022-07-29-at-22_Easy-Resize.com_-768x576.jpg 768w, https:\/\/www.tribunanf.com.br\/blogdoralfereis\/wp-content\/uploads\/sites\/11\/2022\/07\/WhatsApp-Image-2022-07-29-at-22_Easy-Resize.com_.jpg 1280w\" sizes=\"auto, (max-width: 800px) 100vw, 800px\" \/><figcaption id=\"caption-attachment-9783\" class=\"wp-caption-text\">Primeira reuni\u00e3o do Gabinete Extraordin\u00e1rio de Seguran\u00e7a Institucional criado pelo TRE do Rio<\/figcaption><\/figure>\n<p style=\"text-align: justify;\">O presidente do Tribunal Regional Eleitoral do Rio de Janeiro, desembargador Elton Leme, decidiu convocar as For\u00e7as Armadas para auxiliar na prote\u00e7\u00e3o do processo eleitoral no estado, mas afirma, categoricamente, que os militares ter\u00e3o espa\u00e7o \u201cdentro do limite constitucional\u201d, informa a coluna de Guilherme Amado.<\/p>\n<p style=\"text-align: justify;\">\u00c0 coluna, Leme disse que as For\u00e7as Armadas ir\u00e3o atuar para prevenir e repreender qualquer tipo de crime causado pela viol\u00eancia urbana ou pela tens\u00e3o pol\u00edtica provocada pelo cen\u00e1rio de \u00f3dio e pelos ataques de Jair Bolsonaro e seus apoiadores contra o sistema eleitoral.<\/p>\n<p style=\"text-align: justify;\">\u201cN\u00f3s vamos trabalhar de forma integrada, com reuni\u00f5es peri\u00f3dicas, compartilhando informa\u00e7\u00f5es e uniformizando a\u00e7\u00f5es. A convoca\u00e7\u00e3o foi oficializada agora, mas j\u00e1 v\u00ednhamos conversando sobre o apoio das For\u00e7as Armadas nas elei\u00e7\u00f5es h\u00e1 um tempo. Pedimos o apoio federal ao Tribunal Superior Eleitoral, com a concord\u00e2ncia do governo estadual, para prevenir e punir qualquer tipo de crime contra a liberdade das elei\u00e7\u00f5es\u201d, disse o desembargador.<\/p>\n<p style=\"text-align: justify;\">O cen\u00e1rio de interfer\u00eancia das For\u00e7as Armadas no sistema eleitoral n\u00e3o \u00e9 uma preocupa\u00e7\u00e3o para Leme, que v\u00ea as declara\u00e7\u00f5es de Jair Bolsonaro e do ministro da Defesa, general Paulo S\u00e9rgio Nogueira, como \u201ca\u00e7\u00f5es pol\u00edticas\u201d.<\/p>\n<p style=\"text-align: justify;\">\u201cTemos que separar as manifesta\u00e7\u00f5es de militares que est\u00e3o em cargos pol\u00edticos daqueles que est\u00e3o em cargos t\u00e9cnicos. Quem ocupa cargo de comando em \u00e1reas t\u00e9cnicas est\u00e1 focado em fazer sua miss\u00e3o constitucional e comprovar a lisura das urnas\u201d, afirmou o presidente do TRE-RJ, ignorando as notas t\u00e9cnicas enviadas pela Defesa descredibilizando a Justi\u00e7a Eleitoral e as urnas eletr\u00f4nicas.<\/p>\n<p style=\"text-align: justify;\">\u00c9 a primeira vez, depois de quatro vezes que as For\u00e7as Armadas foram convocadas para auxiliar na prote\u00e7\u00e3o das elei\u00e7\u00f5es no Rio de Janeiro, que \u201ctens\u00e3o e polaridade pol\u00edtica\u201d s\u00e3o a raz\u00e3o para a participa\u00e7\u00e3o dos militares.<\/p>\n<p style=\"text-align: justify;\">Diante do cen\u00e1rio, o TRE-RJ aprovou, na tarde de quinta-feira (28\/7), a cria\u00e7\u00e3o do Gabinete Extraordin\u00e1rio de Seguran\u00e7a Institucional, para definir diretrizes da atua\u00e7\u00e3o das For\u00e7as Armadas nas elei\u00e7\u00f5es.<\/p>\n","protected":false},"excerpt":{"rendered":"<p>O presidente do Tribunal Regional Eleitoral do Rio de Janeiro, desembargador Elton Leme, decidiu convocar as For\u00e7as Armadas para auxiliar&#8230;<\/p>\n","protected":false},"author":2,"featured_media":9783,"comment_status":"open","ping_status":"open","sticky":false,"template":"","format":"standard","meta":{"colormag_page_container_layout":"default_layout","colormag_page_sidebar_layout":"default_layout","jetpack_post_was_ever_published":false,"_jetpack_newsletter_access":"","_jetpack_dont_email_post_to_subs":false,"_jetpack_newsletter_tier_id":0,"_jetpack_memberships_contains_paywalled_content":false,"_jetpack_memberships_contains_paid_content":false,"footnotes":""},"categories":[2],"tags":[],"class_list":["post-9782","post","type-post","status-publish","format-standard","has-post-thumbnail","hentry","category-politica"],"jetpack_featured_media_url":"https:\/\/www.tribunanf.com.br\/blogdoralfereis\/wp-content\/uploads\/sites\/11\/2022\/07\/WhatsApp-Image-2022-07-29-at-22_Easy-Resize.com_.jpg","jetpack_sharing_enabled":true,"_links":{"self":[{"href":"https:\/\/www.tribunanf.com.br\/blogdoralfereis\/wp-json\/wp\/v2\/posts\/9782","targetHints":{"allow":["GET"]}}],"collection":[{"href":"https:\/\/www.tribunanf.com.br\/blogdoralfereis\/wp-json\/wp\/v2\/posts"}],"about":[{"href":"https:\/\/www.tribunanf.com.br\/blogdoralfereis\/wp-json\/wp\/v2\/types\/post"}],"author":[{"embeddable":true,"href":"https:\/\/www.tribunanf.com.br\/blogdoralfereis\/wp-json\/wp\/v2\/users\/2"}],"replies":[{"embeddable":true,"href":"https:\/\/www.tribunanf.com.br\/blogdoralfereis\/wp-json\/wp\/v2\/comments?post=9782"}],"version-history":[{"count":0,"href":"https:\/\/www.tribunanf.com.br\/blogdoralfereis\/wp-json\/wp\/v2\/posts\/9782\/revisions"}],"wp:featuredmedia":[{"embeddable":true,"href":"https:\/\/www.tribunanf.com.br\/blogdoralfereis\/wp-json\/wp\/v2\/media\/9783"}],"wp:attachment":[{"href":"https:\/\/www.tribunanf.com.br\/blogdoralfereis\/wp-json\/wp\/v2\/media?parent=9782"}],"wp:term":[{"taxonomy":"category","embeddable":true,"href":"https:\/\/www.tribunanf.com.br\/blogdoralfereis\/wp-json\/wp\/v2\/categories?post=9782"},{"taxonomy":"post_tag","embeddable":true,"href":"https:\/\/www.tribunanf.com.br\/blogdoralfereis\/wp-json\/wp\/v2\/tags?post=9782"}],"curies":[{"name":"wp","href":"https:\/\/api.w.org\/{rel}","templated":true}]}}