{"id":9772,"date":"2022-07-29T11:03:17","date_gmt":"2022-07-29T14:03:17","guid":{"rendered":"https:\/\/www.tribunanf.com.br\/blogdoralfereis\/?p=9772"},"modified":"2022-07-29T11:03:17","modified_gmt":"2022-07-29T14:03:17","slug":"veiculos-de-imprensa-formam-pool-para-debate-entre-os-4-presidenciaveis-mais-bem-votados-nas-pesquisas","status":"publish","type":"post","link":"https:\/\/www.tribunanf.com.br\/blogdoralfereis\/2022\/07\/29\/veiculos-de-imprensa-formam-pool-para-debate-entre-os-4-presidenciaveis-mais-bem-votados-nas-pesquisas\/","title":{"rendered":"Ve\u00edculos de imprensa formam pool para debate entre os 4 presidenci\u00e1veis mais bem votados nas pesquisas"},"content":{"rendered":"<p><img loading=\"lazy\" decoding=\"async\" class=\"aligncenter size-full wp-image-9773\" src=\"https:\/\/www.tribunanf.com.br\/blogdoralfereis\/wp-content\/uploads\/sites\/11\/2022\/07\/165634339162b9cb5f42ffd_1656343391_3x2_md.jpg\" alt=\"\" width=\"768\" height=\"512\" srcset=\"https:\/\/www.tribunanf.com.br\/blogdoralfereis\/wp-content\/uploads\/sites\/11\/2022\/07\/165634339162b9cb5f42ffd_1656343391_3x2_md.jpg 768w, https:\/\/www.tribunanf.com.br\/blogdoralfereis\/wp-content\/uploads\/sites\/11\/2022\/07\/165634339162b9cb5f42ffd_1656343391_3x2_md-300x200.jpg 300w\" sizes=\"auto, (max-width: 768px) 100vw, 768px\" \/><\/p>\n<p style=\"text-align: justify;\">Um pool de ve\u00edculos de imprensa formado pelo Globo, Valor, g1, Folha de S.Paulo, O Estado de S.Paulo e UOL vai convidar os quatro candidatos \u00e0 presid\u00eancia mais bem votados na mais recente pesquisa eleitoral para um debate no dia 14 de setembro.<\/p>\n<p style=\"text-align: justify;\">O cons\u00f3rcio ir\u00e1 convidar para o debate os quatro primeiros colocados na \u00faltima pesquisa Ipec ou Datafolha da semana que antecede a realiza\u00e7\u00e3o do evento. Em caso de empate nas inten\u00e7\u00f5es de voto (n\u00e3o ser\u00e1 levada em conta a margem de erro), o candidato cuja alian\u00e7a tenha mais parlamentares no Congresso ser\u00e1 convidado. O evento ocorrer\u00e1 desde que ao menos tr\u00eas dos quatro primeiros colocados confirmem presen\u00e7a e compare\u00e7am no dia.<\/p>\n<p style=\"text-align: justify;\">A partir de hoje, todas as campanhas de candidatos e pr\u00e9-candidatos \u00e0 Presid\u00eancia ser\u00e3o procuradas pelo cons\u00f3rcio para que tenham conhecimento dos detalhes do evento, que ser\u00e1 realizado em S\u00e3o Paulo. Nos pr\u00f3ximos dias, haver\u00e1 uma reuni\u00e3o das campanhas com o cons\u00f3rcio. Em seguida, os candidatos ter\u00e3o uma semana para firmarem o compromisso de participar do debate.<\/p>\n","protected":false},"excerpt":{"rendered":"<p>Um pool de ve\u00edculos de imprensa formado pelo Globo, Valor, g1, Folha de S.Paulo, O Estado de S.Paulo e UOL&#8230;<\/p>\n","protected":false},"author":2,"featured_media":9773,"comment_status":"open","ping_status":"open","sticky":false,"template":"","format":"standard","meta":{"colormag_page_container_layout":"default_layout","colormag_page_sidebar_layout":"default_layout","jetpack_post_was_ever_published":false,"_jetpack_newsletter_access":"","_jetpack_dont_email_post_to_subs":false,"_jetpack_newsletter_tier_id":0,"_jetpack_memberships_contains_paywalled_content":false,"_jetpack_memberships_contains_paid_content":false,"footnotes":""},"categories":[2],"tags":[],"class_list":["post-9772","post","type-post","status-publish","format-standard","has-post-thumbnail","hentry","category-politica"],"jetpack_featured_media_url":"https:\/\/www.tribunanf.com.br\/blogdoralfereis\/wp-content\/uploads\/sites\/11\/2022\/07\/165634339162b9cb5f42ffd_1656343391_3x2_md.jpg","jetpack_sharing_enabled":true,"_links":{"self":[{"href":"https:\/\/www.tribunanf.com.br\/blogdoralfereis\/wp-json\/wp\/v2\/posts\/9772","targetHints":{"allow":["GET"]}}],"collection":[{"href":"https:\/\/www.tribunanf.com.br\/blogdoralfereis\/wp-json\/wp\/v2\/posts"}],"about":[{"href":"https:\/\/www.tribunanf.com.br\/blogdoralfereis\/wp-json\/wp\/v2\/types\/post"}],"author":[{"embeddable":true,"href":"https:\/\/www.tribunanf.com.br\/blogdoralfereis\/wp-json\/wp\/v2\/users\/2"}],"replies":[{"embeddable":true,"href":"https:\/\/www.tribunanf.com.br\/blogdoralfereis\/wp-json\/wp\/v2\/comments?post=9772"}],"version-history":[{"count":0,"href":"https:\/\/www.tribunanf.com.br\/blogdoralfereis\/wp-json\/wp\/v2\/posts\/9772\/revisions"}],"wp:featuredmedia":[{"embeddable":true,"href":"https:\/\/www.tribunanf.com.br\/blogdoralfereis\/wp-json\/wp\/v2\/media\/9773"}],"wp:attachment":[{"href":"https:\/\/www.tribunanf.com.br\/blogdoralfereis\/wp-json\/wp\/v2\/media?parent=9772"}],"wp:term":[{"taxonomy":"category","embeddable":true,"href":"https:\/\/www.tribunanf.com.br\/blogdoralfereis\/wp-json\/wp\/v2\/categories?post=9772"},{"taxonomy":"post_tag","embeddable":true,"href":"https:\/\/www.tribunanf.com.br\/blogdoralfereis\/wp-json\/wp\/v2\/tags?post=9772"}],"curies":[{"name":"wp","href":"https:\/\/api.w.org\/{rel}","templated":true}]}}