{"id":9756,"date":"2022-07-27T14:54:39","date_gmt":"2022-07-27T17:54:39","guid":{"rendered":"https:\/\/www.tribunanf.com.br\/blogdoralfereis\/?p=9756"},"modified":"2022-07-27T14:54:39","modified_gmt":"2022-07-27T17:54:39","slug":"desembargador-nega-recurso-do-siprosep-que-pedia-informacoes-a-secretaria-de-administracao","status":"publish","type":"post","link":"https:\/\/www.tribunanf.com.br\/blogdoralfereis\/2022\/07\/27\/desembargador-nega-recurso-do-siprosep-que-pedia-informacoes-a-secretaria-de-administracao\/","title":{"rendered":"Desembargador nega recurso do Siprosep que pedia informa\u00e7\u00f5es \u00e0 secretaria de Administra\u00e7\u00e3o"},"content":{"rendered":"<p><img loading=\"lazy\" decoding=\"async\" class=\"aligncenter size-full wp-image-2039\" src=\"https:\/\/www.tribunanf.com.br\/blogdoralfereis\/wp-content\/uploads\/sites\/11\/2019\/05\/siprosep.jpg\" alt=\"\" width=\"709\" height=\"531\" srcset=\"https:\/\/www.tribunanf.com.br\/blogdoralfereis\/wp-content\/uploads\/sites\/11\/2019\/05\/siprosep.jpg 709w, https:\/\/www.tribunanf.com.br\/blogdoralfereis\/wp-content\/uploads\/sites\/11\/2019\/05\/siprosep-300x225.jpg 300w\" sizes=\"auto, (max-width: 709px) 100vw, 709px\" \/><\/p>\n<p style=\"text-align: justify;\"><em>Desembargador entende que o pedido n\u00e3o tem fundamento relevante e que a maioria das informa\u00e7\u00f5es constam no Portal da Transpar\u00eancia.<\/em><\/p>\n<p style=\"text-align: justify;\">O desembargador Eduardo Gusm\u00e3o Alves de Brito Neto, da D\u00e9cima Sexta C\u00e2mara C\u00edvel do Tribunal de Justi\u00e7a do Rio de Janeiro, indeferiu um pedido de liminar em Mandado de Seguran\u00e7a do Sindicato dos Profissionais Servidores P\u00fablicos Municipais de Campos dos Goytacazes (Siprosep).<\/p>\n<p style=\"text-align: justify;\">O Siprosep buscava todas as informa\u00e7\u00f5es e documentos solicitados atrav\u00e9s do of\u00edcio n\u00ba 037\/2022 endere\u00e7ado ao prefeito e \u00e0 secretaria de Administra\u00e7\u00e3o do munic\u00edpio.<\/p>\n<p style=\"text-align: justify;\">No pedido, o sindicato sustenta que no exerc\u00edcio de 2015 e nos exerc\u00edcios de 2017 a 2022, os servidores p\u00fablicos municipais n\u00e3o tiveram reposi\u00e7\u00e3o salarial. Afirma que os gestores municipais fundamentam a impossibilidade do reajuste na falta de recursos e em \u201crespeito ao limite de gasto de pessoal imposto pela lei de Responsabilidade Fiscal\u201d.<\/p>\n<p style=\"text-align: justify;\">O Siprosep &#8220;Alega que em mar\u00e7o de 2022, enviou \u00e0 autoridade coatora o Of\u00edcio n\u00ba 037\/2022, solicitando informa\u00e7\u00f5es, tais como (i) valor total da folha de pagamento municipal, informando, de forma discriminada, os valores pagos aos servidores efetivos, aos contratados e \u00e0queles em cargo comissionado, (ii) valor m\u00e9dio de arrecada\u00e7\u00e3o no ano de 2021 e\u00a0 022, (iii) lista dos servidores p\u00fablicos municipais e seus respectivos sal\u00e1rios base, e (iv) estudos de impacto financeiro. Acrescenta que em resposta ao aludido of\u00edcio, a Secretaria Municipal de Administra\u00e7\u00e3o e Recursos Humanos, n\u00e3o prestou as informa\u00e7\u00f5es requeridas, se limitando a dizer que os documentos pedidos est\u00e3o disponibilizados no Portal da Transpar\u00eancia, no site da Prefeitura de Campos.<\/p>\n<p style=\"text-align: justify;\">O desembargador entendeu que o pedido n\u00e3o tem fundamento relevante e que a maioria das informa\u00e7\u00f5es constam no Portal da Transpar\u00eancia.<\/p>\n<p style=\"text-align: justify;\"><em>&#8220;Nos termos do artigo 7\u00ba, inciso III, da Lei n\u00ba 12.016\/09, que disp\u00f5e acerca da concess\u00e3o ou denega\u00e7\u00e3o da tutela requerida inaudita altera pars em mandado de seguran\u00e7a, \u00e9 necess\u00e1rio, para o seu deferimento, fundamento relevante e receio de que o ato impugnado possa resultar a inefic\u00e1cia da medida. In casu, constata-se que as informa\u00e7\u00f5es requisitadas pelo impetrante s\u00e3o, em sua maioria, de dom\u00ednio p\u00fablico, dispon\u00edveis a qualquer cidad\u00e3o que acesse o site da Prefeitura de Campos dos Goytacazes, estando acess\u00edveis para pronta consulta. E isso, inclusive, <\/em><em>j\u00e1 foi esclarecido pela Secretaria Municipal de Administra\u00e7\u00e3o e Recursos Humanos em sua resposta ao of\u00edcio enviado pelo impetrante (fls. 40\/42). Assim, ao menos por ora, n\u00e3o vislumbro a probabilidade do direito alegado, tampouco a impossibilidade de inefic\u00e1cia da medida. Por tais raz\u00f5es, INDEFIRO o pedido liminar<\/em>.&#8221;, decidiu o desembargador.<\/p>\n","protected":false},"excerpt":{"rendered":"<p>Desembargador entende que o pedido n\u00e3o tem fundamento relevante e que a maioria das informa\u00e7\u00f5es constam no Portal da Transpar\u00eancia&#8230;.<\/p>\n","protected":false},"author":2,"featured_media":2039,"comment_status":"open","ping_status":"open","sticky":false,"template":"","format":"standard","meta":{"colormag_page_container_layout":"default_layout","colormag_page_sidebar_layout":"default_layout","jetpack_post_was_ever_published":false,"_jetpack_newsletter_access":"","_jetpack_dont_email_post_to_subs":false,"_jetpack_newsletter_tier_id":0,"_jetpack_memberships_contains_paywalled_content":false,"_jetpack_memberships_contains_paid_content":false,"footnotes":""},"categories":[2],"tags":[],"class_list":["post-9756","post","type-post","status-publish","format-standard","has-post-thumbnail","hentry","category-politica"],"jetpack_featured_media_url":"https:\/\/www.tribunanf.com.br\/blogdoralfereis\/wp-content\/uploads\/sites\/11\/2019\/05\/siprosep.jpg","jetpack_sharing_enabled":true,"_links":{"self":[{"href":"https:\/\/www.tribunanf.com.br\/blogdoralfereis\/wp-json\/wp\/v2\/posts\/9756","targetHints":{"allow":["GET"]}}],"collection":[{"href":"https:\/\/www.tribunanf.com.br\/blogdoralfereis\/wp-json\/wp\/v2\/posts"}],"about":[{"href":"https:\/\/www.tribunanf.com.br\/blogdoralfereis\/wp-json\/wp\/v2\/types\/post"}],"author":[{"embeddable":true,"href":"https:\/\/www.tribunanf.com.br\/blogdoralfereis\/wp-json\/wp\/v2\/users\/2"}],"replies":[{"embeddable":true,"href":"https:\/\/www.tribunanf.com.br\/blogdoralfereis\/wp-json\/wp\/v2\/comments?post=9756"}],"version-history":[{"count":0,"href":"https:\/\/www.tribunanf.com.br\/blogdoralfereis\/wp-json\/wp\/v2\/posts\/9756\/revisions"}],"wp:featuredmedia":[{"embeddable":true,"href":"https:\/\/www.tribunanf.com.br\/blogdoralfereis\/wp-json\/wp\/v2\/media\/2039"}],"wp:attachment":[{"href":"https:\/\/www.tribunanf.com.br\/blogdoralfereis\/wp-json\/wp\/v2\/media?parent=9756"}],"wp:term":[{"taxonomy":"category","embeddable":true,"href":"https:\/\/www.tribunanf.com.br\/blogdoralfereis\/wp-json\/wp\/v2\/categories?post=9756"},{"taxonomy":"post_tag","embeddable":true,"href":"https:\/\/www.tribunanf.com.br\/blogdoralfereis\/wp-json\/wp\/v2\/tags?post=9756"}],"curies":[{"name":"wp","href":"https:\/\/api.w.org\/{rel}","templated":true}]}}