{"id":9753,"date":"2022-07-26T17:54:31","date_gmt":"2022-07-26T20:54:31","guid":{"rendered":"https:\/\/www.tribunanf.com.br\/blogdoralfereis\/?p=9753"},"modified":"2022-07-26T17:55:13","modified_gmt":"2022-07-26T20:55:13","slug":"rpa-secreto-na-prefeitura-de-campos","status":"publish","type":"post","link":"https:\/\/www.tribunanf.com.br\/blogdoralfereis\/2022\/07\/26\/rpa-secreto-na-prefeitura-de-campos\/","title":{"rendered":"RPA &#8216;secreto&#8217; na prefeitura de Campos"},"content":{"rendered":"<p><img loading=\"lazy\" decoding=\"async\" class=\"aligncenter size-large wp-image-7440\" src=\"https:\/\/www.tribunanf.com.br\/blogdoralfereis\/wp-content\/uploads\/sites\/11\/2021\/08\/prefeitura-campos-1024x682.jpg\" alt=\"\" width=\"800\" height=\"533\" \/><\/p>\n<p style=\"text-align: justify;\">Na \u00faltima semana o Tribunal de Contas do Estado do Rio de Janeiro suspendeu os pagamentos dos chamados RPAs secretos do Ceperj (<a href=\"https:\/\/www.tribunanf.com.br\/blogdoralfereis\/2022\/07\/21\/tce-suspende-pagamentos-dos-nucleos-secretos-do-projeto-esporte-presente-do-governo-rj\/\">aqui<\/a>). A turma recebia na boca do caixa do Bradesco e ningu\u00e9m sabia os nomes. O TCE requisitou a lista completa.<\/p>\n<p style=\"text-align: justify;\">Nos grupos de whatsapp virou discuss\u00e3o e reclama\u00e7\u00f5es de que a prefeitura de Campos dos Goytacazes n\u00e3o divulga a lista de RPAs. E a turma tem raz\u00e3o.<\/p>\n<p style=\"text-align: justify;\">A \u00faltima folha nominal de RPAs da prefeitura de Campos foi divulgada em dezembro de 2020 no Portal da Transpar\u00eancia, ainda na gest\u00e3o do ex-prefeito Rafael Diniz.<\/p>\n<p style=\"text-align: justify;\">De l\u00e1 pra c\u00e1 a folha virou uma caixa preta, ou RPA &#8216;secreto&#8217;.<\/p>\n<p style=\"text-align: justify;\">Quando revelarem vai dar uma correria danada. Tem de tudo e coisas quem nem dava para imaginar.<\/p>\n","protected":false},"excerpt":{"rendered":"<p>Na \u00faltima semana o Tribunal de Contas do Estado do Rio de Janeiro suspendeu os pagamentos dos chamados RPAs secretos&#8230;<\/p>\n","protected":false},"author":2,"featured_media":7440,"comment_status":"open","ping_status":"open","sticky":false,"template":"","format":"standard","meta":{"colormag_page_container_layout":"default_layout","colormag_page_sidebar_layout":"default_layout","jetpack_post_was_ever_published":false,"_jetpack_newsletter_access":"","_jetpack_dont_email_post_to_subs":false,"_jetpack_newsletter_tier_id":0,"_jetpack_memberships_contains_paywalled_content":false,"_jetpack_memberships_contains_paid_content":false,"footnotes":""},"categories":[2],"tags":[],"class_list":["post-9753","post","type-post","status-publish","format-standard","has-post-thumbnail","hentry","category-politica"],"jetpack_featured_media_url":"https:\/\/www.tribunanf.com.br\/blogdoralfereis\/wp-content\/uploads\/sites\/11\/2021\/08\/prefeitura-campos-e1629389961928.jpg","jetpack_sharing_enabled":true,"_links":{"self":[{"href":"https:\/\/www.tribunanf.com.br\/blogdoralfereis\/wp-json\/wp\/v2\/posts\/9753","targetHints":{"allow":["GET"]}}],"collection":[{"href":"https:\/\/www.tribunanf.com.br\/blogdoralfereis\/wp-json\/wp\/v2\/posts"}],"about":[{"href":"https:\/\/www.tribunanf.com.br\/blogdoralfereis\/wp-json\/wp\/v2\/types\/post"}],"author":[{"embeddable":true,"href":"https:\/\/www.tribunanf.com.br\/blogdoralfereis\/wp-json\/wp\/v2\/users\/2"}],"replies":[{"embeddable":true,"href":"https:\/\/www.tribunanf.com.br\/blogdoralfereis\/wp-json\/wp\/v2\/comments?post=9753"}],"version-history":[{"count":0,"href":"https:\/\/www.tribunanf.com.br\/blogdoralfereis\/wp-json\/wp\/v2\/posts\/9753\/revisions"}],"wp:featuredmedia":[{"embeddable":true,"href":"https:\/\/www.tribunanf.com.br\/blogdoralfereis\/wp-json\/wp\/v2\/media\/7440"}],"wp:attachment":[{"href":"https:\/\/www.tribunanf.com.br\/blogdoralfereis\/wp-json\/wp\/v2\/media?parent=9753"}],"wp:term":[{"taxonomy":"category","embeddable":true,"href":"https:\/\/www.tribunanf.com.br\/blogdoralfereis\/wp-json\/wp\/v2\/categories?post=9753"},{"taxonomy":"post_tag","embeddable":true,"href":"https:\/\/www.tribunanf.com.br\/blogdoralfereis\/wp-json\/wp\/v2\/tags?post=9753"}],"curies":[{"name":"wp","href":"https:\/\/api.w.org\/{rel}","templated":true}]}}