{"id":970,"date":"2018-10-09T17:29:55","date_gmt":"2018-10-09T20:29:55","guid":{"rendered":"http:\/\/www.tribunanf.com.br\/blogdoralfereis\/?p=970"},"modified":"2018-10-09T17:29:55","modified_gmt":"2018-10-09T20:29:55","slug":"psd-de-indio-da-costa-anuncia-apoio-a-witzel-contra-elevado-risco-para-rio","status":"publish","type":"post","link":"https:\/\/www.tribunanf.com.br\/blogdoralfereis\/2018\/10\/09\/psd-de-indio-da-costa-anuncia-apoio-a-witzel-contra-elevado-risco-para-rio\/","title":{"rendered":"PSD de Indio da Costa anuncia apoio a Witzel contra &#8216;elevado risco&#8217; para Rio"},"content":{"rendered":"<p><img loading=\"lazy\" decoding=\"async\" class=\"aligncenter size-full wp-image-971\" src=\"http:\/\/www.tribunanf.com.br\/blogdoralfereis\/wp-content\/uploads\/sites\/11\/2018\/10\/indio.jpg\" alt=\"\" width=\"666\" height=\"375\" srcset=\"https:\/\/www.tribunanf.com.br\/blogdoralfereis\/wp-content\/uploads\/sites\/11\/2018\/10\/indio.jpg 666w, https:\/\/www.tribunanf.com.br\/blogdoralfereis\/wp-content\/uploads\/sites\/11\/2018\/10\/indio-300x169.jpg 300w\" sizes=\"auto, (max-width: 666px) 100vw, 666px\" \/><\/p>\n<p style=\"text-align: justify;\">Apesar de ter sido alvo de v\u00e1rios torpedos de Indio da Costa (PSD) durante a campanha de primeiro turno pelo governo do estado do Rio, Wilson Witzel (PSC) vai receber o apoio oficial do partido do ex-rival.<\/p>\n<p style=\"text-align: justify;\">Na ata da reuni\u00e3o realizada nesta ter\u00e7a-feira (9), a legenda apela para a mesma estrat\u00e9gia de seu candidato durante os debates, colando a imagem de Eduardo Paes (DEM) aos governos S\u00e9rgio Cabral (MDB) e Luiz Fernando Pez\u00e3o (MDB).<\/p>\n<p style=\"text-align: justify;\">&#8220;O PSD v\u00ea a continuidade do governo Pez\u00e3o\/Cabral e Eduardo Paes como um elevado risco para o estado. O Rio de Janeiro necessita de um governo comprometido, de fato, com a popula\u00e7\u00e3o e n\u00e3o com um modelo que destruiu todos os instrumentos de pol\u00edticas p\u00fablicas, principalmente, na seguran\u00e7a p\u00fablica&#8221;, diz o texto.<\/p>\n<p style=\"text-align: justify;\">Fonte: Extra, Extra<\/p>\n","protected":false},"excerpt":{"rendered":"<p>Apesar de ter sido alvo de v\u00e1rios torpedos de Indio da Costa (PSD) durante a campanha de primeiro turno pelo&#8230;<\/p>\n","protected":false},"author":2,"featured_media":971,"comment_status":"open","ping_status":"open","sticky":false,"template":"","format":"standard","meta":{"colormag_page_container_layout":"default_layout","colormag_page_sidebar_layout":"default_layout","jetpack_post_was_ever_published":false,"_jetpack_newsletter_access":"","_jetpack_dont_email_post_to_subs":false,"_jetpack_newsletter_tier_id":0,"_jetpack_memberships_contains_paywalled_content":false,"_jetpack_memberships_contains_paid_content":false,"footnotes":""},"categories":[2],"tags":[],"class_list":["post-970","post","type-post","status-publish","format-standard","has-post-thumbnail","hentry","category-politica"],"jetpack_featured_media_url":"https:\/\/www.tribunanf.com.br\/blogdoralfereis\/wp-content\/uploads\/sites\/11\/2018\/10\/indio.jpg","jetpack_sharing_enabled":true,"_links":{"self":[{"href":"https:\/\/www.tribunanf.com.br\/blogdoralfereis\/wp-json\/wp\/v2\/posts\/970","targetHints":{"allow":["GET"]}}],"collection":[{"href":"https:\/\/www.tribunanf.com.br\/blogdoralfereis\/wp-json\/wp\/v2\/posts"}],"about":[{"href":"https:\/\/www.tribunanf.com.br\/blogdoralfereis\/wp-json\/wp\/v2\/types\/post"}],"author":[{"embeddable":true,"href":"https:\/\/www.tribunanf.com.br\/blogdoralfereis\/wp-json\/wp\/v2\/users\/2"}],"replies":[{"embeddable":true,"href":"https:\/\/www.tribunanf.com.br\/blogdoralfereis\/wp-json\/wp\/v2\/comments?post=970"}],"version-history":[{"count":0,"href":"https:\/\/www.tribunanf.com.br\/blogdoralfereis\/wp-json\/wp\/v2\/posts\/970\/revisions"}],"wp:featuredmedia":[{"embeddable":true,"href":"https:\/\/www.tribunanf.com.br\/blogdoralfereis\/wp-json\/wp\/v2\/media\/971"}],"wp:attachment":[{"href":"https:\/\/www.tribunanf.com.br\/blogdoralfereis\/wp-json\/wp\/v2\/media?parent=970"}],"wp:term":[{"taxonomy":"category","embeddable":true,"href":"https:\/\/www.tribunanf.com.br\/blogdoralfereis\/wp-json\/wp\/v2\/categories?post=970"},{"taxonomy":"post_tag","embeddable":true,"href":"https:\/\/www.tribunanf.com.br\/blogdoralfereis\/wp-json\/wp\/v2\/tags?post=970"}],"curies":[{"name":"wp","href":"https:\/\/api.w.org\/{rel}","templated":true}]}}