{"id":9688,"date":"2022-07-16T09:54:25","date_gmt":"2022-07-16T12:54:25","guid":{"rendered":"https:\/\/www.tribunanf.com.br\/blogdoralfereis\/?p=9688"},"modified":"2022-07-16T09:55:41","modified_gmt":"2022-07-16T12:55:41","slug":"ipec-entra-em-campo-para-nova-rodada-de-pesquisas-no-estado-do-rio","status":"publish","type":"post","link":"https:\/\/www.tribunanf.com.br\/blogdoralfereis\/2022\/07\/16\/ipec-entra-em-campo-para-nova-rodada-de-pesquisas-no-estado-do-rio\/","title":{"rendered":"Ipec entra em campo para nova rodada de pesquisas no estado do Rio"},"content":{"rendered":"<p><img loading=\"lazy\" decoding=\"async\" class=\"aligncenter size-full wp-image-4584\" src=\"https:\/\/www.tribunanf.com.br\/blogdoralfereis\/wp-content\/uploads\/sites\/11\/2020\/07\/palacio_guanabara.jpg\" alt=\"\" width=\"1008\" height=\"567\" srcset=\"https:\/\/www.tribunanf.com.br\/blogdoralfereis\/wp-content\/uploads\/sites\/11\/2020\/07\/palacio_guanabara.jpg 1008w, https:\/\/www.tribunanf.com.br\/blogdoralfereis\/wp-content\/uploads\/sites\/11\/2020\/07\/palacio_guanabara-300x169.jpg 300w, https:\/\/www.tribunanf.com.br\/blogdoralfereis\/wp-content\/uploads\/sites\/11\/2020\/07\/palacio_guanabara-768x432.jpg 768w\" sizes=\"auto, (max-width: 1008px) 100vw, 1008px\" \/><\/p>\n<p style=\"text-align: justify;\">O instituto Ipec, formado por ex-integrantes do Ibope, entrou em campo para uma nova rodada de pesquisas no estado do Rio de Janeiro. A contratante foi a Associa\u00e7\u00e3o de Industrias do Estado do Rio.<\/p>\n<p style=\"text-align: justify;\">O Ipec vai entrevistar 1008 eleitores no estado entre os dias 15 e 21. O resultado est\u00e1 previsto para quinta-feira.<\/p>\n<p style=\"text-align: justify;\">O instituto \u00e9 o primeiro que inclui na mesma pesquisa os nomes do ex-governador Anthony Garotinho e do ex-prefeito Marcelo Crivella. Ambos se colocam como pr\u00e9-candidatos ao governo do Rio.<\/p>\n<p style=\"text-align: justify;\">Confira o question\u00e1rio: <a href=\"https:\/\/www.tribunanf.com.br\/blogdoralfereis\/wp-content\/uploads\/sites\/11\/2022\/07\/IPEC-ELEICOES_2022_RJ_ONDA-2-questionario_final.pdf\">IPEC-ELEI\u00c7\u00d5ES_2022_RJ_ONDA 2 &#8211; question\u00e1rio_final<\/a><\/p>\n","protected":false},"excerpt":{"rendered":"<p>O instituto Ipec, formado por ex-integrantes do Ibope, entrou em campo para uma nova rodada de pesquisas no estado do&#8230;<\/p>\n","protected":false},"author":2,"featured_media":4584,"comment_status":"open","ping_status":"open","sticky":false,"template":"","format":"standard","meta":{"colormag_page_container_layout":"default_layout","colormag_page_sidebar_layout":"default_layout","jetpack_post_was_ever_published":false,"_jetpack_newsletter_access":"","_jetpack_dont_email_post_to_subs":false,"_jetpack_newsletter_tier_id":0,"_jetpack_memberships_contains_paywalled_content":false,"_jetpack_memberships_contains_paid_content":false,"footnotes":""},"categories":[2],"tags":[],"class_list":["post-9688","post","type-post","status-publish","format-standard","has-post-thumbnail","hentry","category-politica"],"jetpack_featured_media_url":"https:\/\/www.tribunanf.com.br\/blogdoralfereis\/wp-content\/uploads\/sites\/11\/2020\/07\/palacio_guanabara.jpg","jetpack_sharing_enabled":true,"_links":{"self":[{"href":"https:\/\/www.tribunanf.com.br\/blogdoralfereis\/wp-json\/wp\/v2\/posts\/9688","targetHints":{"allow":["GET"]}}],"collection":[{"href":"https:\/\/www.tribunanf.com.br\/blogdoralfereis\/wp-json\/wp\/v2\/posts"}],"about":[{"href":"https:\/\/www.tribunanf.com.br\/blogdoralfereis\/wp-json\/wp\/v2\/types\/post"}],"author":[{"embeddable":true,"href":"https:\/\/www.tribunanf.com.br\/blogdoralfereis\/wp-json\/wp\/v2\/users\/2"}],"replies":[{"embeddable":true,"href":"https:\/\/www.tribunanf.com.br\/blogdoralfereis\/wp-json\/wp\/v2\/comments?post=9688"}],"version-history":[{"count":0,"href":"https:\/\/www.tribunanf.com.br\/blogdoralfereis\/wp-json\/wp\/v2\/posts\/9688\/revisions"}],"wp:featuredmedia":[{"embeddable":true,"href":"https:\/\/www.tribunanf.com.br\/blogdoralfereis\/wp-json\/wp\/v2\/media\/4584"}],"wp:attachment":[{"href":"https:\/\/www.tribunanf.com.br\/blogdoralfereis\/wp-json\/wp\/v2\/media?parent=9688"}],"wp:term":[{"taxonomy":"category","embeddable":true,"href":"https:\/\/www.tribunanf.com.br\/blogdoralfereis\/wp-json\/wp\/v2\/categories?post=9688"},{"taxonomy":"post_tag","embeddable":true,"href":"https:\/\/www.tribunanf.com.br\/blogdoralfereis\/wp-json\/wp\/v2\/tags?post=9688"}],"curies":[{"name":"wp","href":"https:\/\/api.w.org\/{rel}","templated":true}]}}