{"id":9685,"date":"2022-07-15T16:40:13","date_gmt":"2022-07-15T19:40:13","guid":{"rendered":"https:\/\/www.tribunanf.com.br\/blogdoralfereis\/?p=9685"},"modified":"2022-07-15T16:40:13","modified_gmt":"2022-07-15T19:40:13","slug":"presidente-do-uniao-brasil-waguinho-declara-apoio-a-claudio-castro","status":"publish","type":"post","link":"https:\/\/www.tribunanf.com.br\/blogdoralfereis\/2022\/07\/15\/presidente-do-uniao-brasil-waguinho-declara-apoio-a-claudio-castro\/","title":{"rendered":"Presidente do Uni\u00e3o Brasil, Waguinho declara apoio a Cl\u00e1udio Castro"},"content":{"rendered":"<p><img loading=\"lazy\" decoding=\"async\" class=\"aligncenter size-full wp-image-9686\" src=\"https:\/\/www.tribunanf.com.br\/blogdoralfereis\/wp-content\/uploads\/sites\/11\/2022\/07\/WhatsApp-Image-2022-07-15-at-16.19.09.jpeg\" alt=\"\" width=\"957\" height=\"495\" srcset=\"https:\/\/www.tribunanf.com.br\/blogdoralfereis\/wp-content\/uploads\/sites\/11\/2022\/07\/WhatsApp-Image-2022-07-15-at-16.19.09.jpeg 957w, https:\/\/www.tribunanf.com.br\/blogdoralfereis\/wp-content\/uploads\/sites\/11\/2022\/07\/WhatsApp-Image-2022-07-15-at-16.19.09-300x155.jpeg 300w, https:\/\/www.tribunanf.com.br\/blogdoralfereis\/wp-content\/uploads\/sites\/11\/2022\/07\/WhatsApp-Image-2022-07-15-at-16.19.09-768x397.jpeg 768w\" sizes=\"auto, (max-width: 957px) 100vw, 957px\" \/><\/p>\n<p style=\"text-align: justify;\">Acontece neste momento, no Rio Beach Club, na Barra da Tijuca, um encontro com os prefeitos de todo o estado em apoio a pr\u00e9-candidatura a governador de Cl\u00e1udio Castro e do vice Washington Reis.<\/p>\n<p style=\"text-align: justify;\">Uma fonte que acompanha o evento informou que o presidente do Uni\u00e3o Brasil no Rio, Waguinho, prefeito de Belford Roxo, fez um discurso inflamado declarando apoio a chapa Castro-Reis.<\/p>\n<p style=\"text-align: justify;\">O Uni\u00e3o Brasil \u00e9 o partido do ex-governador Anthony Garotinho, que tem colocado seu nome para concorrer ao governo do estado.<\/p>\n<p style=\"text-align: justify;\">Durante a semana circularam rumores sobre uma poss\u00edvel alian\u00e7a. Mas Waguinho disse a Garotinho que n\u00e3o era verdade.<\/p>\n<p style=\"text-align: justify;\">Pelo jeito, Waguinho deu um corc\u00f3 em Garotinho.<\/p>\n","protected":false},"excerpt":{"rendered":"<p>Acontece neste momento, no Rio Beach Club, na Barra da Tijuca, um encontro com os prefeitos de todo o estado&#8230;<\/p>\n","protected":false},"author":2,"featured_media":9686,"comment_status":"open","ping_status":"open","sticky":false,"template":"","format":"standard","meta":{"colormag_page_container_layout":"default_layout","colormag_page_sidebar_layout":"default_layout","jetpack_post_was_ever_published":false,"_jetpack_newsletter_access":"","_jetpack_dont_email_post_to_subs":false,"_jetpack_newsletter_tier_id":0,"_jetpack_memberships_contains_paywalled_content":false,"_jetpack_memberships_contains_paid_content":false,"footnotes":""},"categories":[2],"tags":[],"class_list":["post-9685","post","type-post","status-publish","format-standard","has-post-thumbnail","hentry","category-politica"],"jetpack_featured_media_url":"https:\/\/www.tribunanf.com.br\/blogdoralfereis\/wp-content\/uploads\/sites\/11\/2022\/07\/WhatsApp-Image-2022-07-15-at-16.19.09.jpeg","jetpack_sharing_enabled":true,"_links":{"self":[{"href":"https:\/\/www.tribunanf.com.br\/blogdoralfereis\/wp-json\/wp\/v2\/posts\/9685","targetHints":{"allow":["GET"]}}],"collection":[{"href":"https:\/\/www.tribunanf.com.br\/blogdoralfereis\/wp-json\/wp\/v2\/posts"}],"about":[{"href":"https:\/\/www.tribunanf.com.br\/blogdoralfereis\/wp-json\/wp\/v2\/types\/post"}],"author":[{"embeddable":true,"href":"https:\/\/www.tribunanf.com.br\/blogdoralfereis\/wp-json\/wp\/v2\/users\/2"}],"replies":[{"embeddable":true,"href":"https:\/\/www.tribunanf.com.br\/blogdoralfereis\/wp-json\/wp\/v2\/comments?post=9685"}],"version-history":[{"count":0,"href":"https:\/\/www.tribunanf.com.br\/blogdoralfereis\/wp-json\/wp\/v2\/posts\/9685\/revisions"}],"wp:featuredmedia":[{"embeddable":true,"href":"https:\/\/www.tribunanf.com.br\/blogdoralfereis\/wp-json\/wp\/v2\/media\/9686"}],"wp:attachment":[{"href":"https:\/\/www.tribunanf.com.br\/blogdoralfereis\/wp-json\/wp\/v2\/media?parent=9685"}],"wp:term":[{"taxonomy":"category","embeddable":true,"href":"https:\/\/www.tribunanf.com.br\/blogdoralfereis\/wp-json\/wp\/v2\/categories?post=9685"},{"taxonomy":"post_tag","embeddable":true,"href":"https:\/\/www.tribunanf.com.br\/blogdoralfereis\/wp-json\/wp\/v2\/tags?post=9685"}],"curies":[{"name":"wp","href":"https:\/\/api.w.org\/{rel}","templated":true}]}}