{"id":968,"date":"2018-10-09T11:29:36","date_gmt":"2018-10-09T14:29:36","guid":{"rendered":"http:\/\/www.tribunanf.com.br\/blogdoralfereis\/?p=968"},"modified":"2018-10-09T11:29:36","modified_gmt":"2018-10-09T14:29:36","slug":"nao-declarou-voto-em-rede-social","status":"publish","type":"post","link":"https:\/\/www.tribunanf.com.br\/blogdoralfereis\/2018\/10\/09\/nao-declarou-voto-em-rede-social\/","title":{"rendered":"N\u00e3o declarou voto em rede social"},"content":{"rendered":"<p><img loading=\"lazy\" decoding=\"async\" class=\"aligncenter size-full wp-image-656\" src=\"http:\/\/www.tribunanf.com.br\/blogdoralfereis\/wp-content\/uploads\/sites\/11\/2018\/08\/rafael-1.jpg\" alt=\"\" width=\"800\" height=\"535\" srcset=\"https:\/\/www.tribunanf.com.br\/blogdoralfereis\/wp-content\/uploads\/sites\/11\/2018\/08\/rafael-1.jpg 800w, https:\/\/www.tribunanf.com.br\/blogdoralfereis\/wp-content\/uploads\/sites\/11\/2018\/08\/rafael-1-300x201.jpg 300w, https:\/\/www.tribunanf.com.br\/blogdoralfereis\/wp-content\/uploads\/sites\/11\/2018\/08\/rafael-1-768x514.jpg 768w\" sizes=\"auto, (max-width: 800px) 100vw, 800px\" \/><\/p>\n<p style=\"text-align: justify;\">O prefeito Rafael Diniz deu total apoio a elei\u00e7\u00e3o do seu amigo presidente da C\u00e2mara de Campos Marc\u00e3o Gomes, colocando secret\u00e1rios e DAS para fazer campanha. Isso pode ser conferido nas redes sociais de Marc\u00e3o.<\/p>\n<p style=\"text-align: justify;\">Por\u00e9m, Rafael n\u00e3o declarou o seu voto em rede social, que \u00e9 uma ferramenta muito importante de divulga\u00e7\u00e3o, e que inclusive foi sua principal arma para se tornar prefeito de Campos.<\/p>\n<p style=\"text-align: justify;\">N\u00e3o se sabe se isso tamb\u00e9m pode ter influenciado na derrota de Marc\u00e3o. Mas o fato \u00e9 que faltou Rafael Diniz fazer lives pedindo votos para o seu amigo.<\/p>\n<p style=\"text-align: justify;\">Isso \u00e9 uma situa\u00e7\u00e3o que precisa ser analisada como erros de campanha.<\/p>\n","protected":false},"excerpt":{"rendered":"<p>O prefeito Rafael Diniz deu total apoio a elei\u00e7\u00e3o do seu amigo presidente da C\u00e2mara de Campos Marc\u00e3o Gomes, colocando&#8230;<\/p>\n","protected":false},"author":2,"featured_media":656,"comment_status":"open","ping_status":"open","sticky":false,"template":"","format":"standard","meta":{"colormag_page_container_layout":"default_layout","colormag_page_sidebar_layout":"default_layout","jetpack_post_was_ever_published":false,"_jetpack_newsletter_access":"","_jetpack_dont_email_post_to_subs":false,"_jetpack_newsletter_tier_id":0,"_jetpack_memberships_contains_paywalled_content":false,"_jetpack_memberships_contains_paid_content":false,"footnotes":""},"categories":[2],"tags":[],"class_list":["post-968","post","type-post","status-publish","format-standard","has-post-thumbnail","hentry","category-politica"],"jetpack_featured_media_url":"https:\/\/www.tribunanf.com.br\/blogdoralfereis\/wp-content\/uploads\/sites\/11\/2018\/08\/rafael-1.jpg","jetpack_sharing_enabled":true,"_links":{"self":[{"href":"https:\/\/www.tribunanf.com.br\/blogdoralfereis\/wp-json\/wp\/v2\/posts\/968","targetHints":{"allow":["GET"]}}],"collection":[{"href":"https:\/\/www.tribunanf.com.br\/blogdoralfereis\/wp-json\/wp\/v2\/posts"}],"about":[{"href":"https:\/\/www.tribunanf.com.br\/blogdoralfereis\/wp-json\/wp\/v2\/types\/post"}],"author":[{"embeddable":true,"href":"https:\/\/www.tribunanf.com.br\/blogdoralfereis\/wp-json\/wp\/v2\/users\/2"}],"replies":[{"embeddable":true,"href":"https:\/\/www.tribunanf.com.br\/blogdoralfereis\/wp-json\/wp\/v2\/comments?post=968"}],"version-history":[{"count":0,"href":"https:\/\/www.tribunanf.com.br\/blogdoralfereis\/wp-json\/wp\/v2\/posts\/968\/revisions"}],"wp:featuredmedia":[{"embeddable":true,"href":"https:\/\/www.tribunanf.com.br\/blogdoralfereis\/wp-json\/wp\/v2\/media\/656"}],"wp:attachment":[{"href":"https:\/\/www.tribunanf.com.br\/blogdoralfereis\/wp-json\/wp\/v2\/media?parent=968"}],"wp:term":[{"taxonomy":"category","embeddable":true,"href":"https:\/\/www.tribunanf.com.br\/blogdoralfereis\/wp-json\/wp\/v2\/categories?post=968"},{"taxonomy":"post_tag","embeddable":true,"href":"https:\/\/www.tribunanf.com.br\/blogdoralfereis\/wp-json\/wp\/v2\/tags?post=968"}],"curies":[{"name":"wp","href":"https:\/\/api.w.org\/{rel}","templated":true}]}}