{"id":9646,"date":"2022-07-11T11:06:30","date_gmt":"2022-07-11T14:06:30","guid":{"rendered":"https:\/\/www.tribunanf.com.br\/blogdoralfereis\/?p=9646"},"modified":"2022-07-11T11:06:30","modified_gmt":"2022-07-11T14:06:30","slug":"instituto-quaest-entra-em-campo-para-nova-pesquisa-eleitoral-no-rio","status":"publish","type":"post","link":"https:\/\/www.tribunanf.com.br\/blogdoralfereis\/2022\/07\/11\/instituto-quaest-entra-em-campo-para-nova-pesquisa-eleitoral-no-rio\/","title":{"rendered":"Instituto Quaest entra em campo para nova pesquisa eleitoral no Rio"},"content":{"rendered":"<p><img loading=\"lazy\" decoding=\"async\" class=\"aligncenter size-full wp-image-4584\" src=\"https:\/\/www.tribunanf.com.br\/blogdoralfereis\/wp-content\/uploads\/sites\/11\/2020\/07\/palacio_guanabara.jpg\" alt=\"\" width=\"1008\" height=\"567\" srcset=\"https:\/\/www.tribunanf.com.br\/blogdoralfereis\/wp-content\/uploads\/sites\/11\/2020\/07\/palacio_guanabara.jpg 1008w, https:\/\/www.tribunanf.com.br\/blogdoralfereis\/wp-content\/uploads\/sites\/11\/2020\/07\/palacio_guanabara-300x169.jpg 300w, https:\/\/www.tribunanf.com.br\/blogdoralfereis\/wp-content\/uploads\/sites\/11\/2020\/07\/palacio_guanabara-768x432.jpg 768w\" sizes=\"auto, (max-width: 1008px) 100vw, 1008px\" \/><\/p>\n<p style=\"text-align: justify;\">O instituo Quaest entrou em campo para sua segunda pesquisa eleitoral para senador e governador do Rio de Janeiro. A pesquisa foi contratada pelo Banco Genial.<\/p>\n<p style=\"text-align: justify;\">A nova pesquisa inclui o ex-governador Anthony Garotinho, que n\u00e3o teve o nome colocado na primeira pesquisa do instituto.<\/p>\n<p style=\"text-align: justify;\">O Quaest vai entrevistar 1200 eleitores e faz v\u00e1rias simula\u00e7\u00f5es de primeiro e segundo turno.<\/p>\n<p style=\"text-align: justify;\">A previs\u00e3o para divulga\u00e7\u00e3o do resultado \u00e9 quinta-feira (14).<\/p>\n<p style=\"text-align: justify;\">Outro instituo, o Gerp, tamb\u00e9m est\u00e1 em campo e deve divulgar o resultado da pesquisa nesta ter\u00e7a-feira (12). Nessa n\u00e3o inclui o ex-governador Garotinho.<\/p>\n<p style=\"text-align: justify;\">Confira question\u00e1rio: <a href=\"https:\/\/www.tribunanf.com.br\/blogdoralfereis\/wp-content\/uploads\/sites\/11\/2022\/07\/QUEST_GENIAL_RJ_JULHO22-GOVERNO-DO-RIO.pdf\">QUEST_GENIAL_RJ_JULHO22 GOVERNO DO RIO<\/a><\/p>\n","protected":false},"excerpt":{"rendered":"<p>O instituo Quaest entrou em campo para sua segunda pesquisa eleitoral para senador e governador do Rio de Janeiro. A&#8230;<\/p>\n","protected":false},"author":2,"featured_media":4584,"comment_status":"open","ping_status":"open","sticky":false,"template":"","format":"standard","meta":{"colormag_page_container_layout":"default_layout","colormag_page_sidebar_layout":"default_layout","jetpack_post_was_ever_published":false,"_jetpack_newsletter_access":"","_jetpack_dont_email_post_to_subs":false,"_jetpack_newsletter_tier_id":0,"_jetpack_memberships_contains_paywalled_content":false,"_jetpack_memberships_contains_paid_content":false,"footnotes":""},"categories":[2],"tags":[],"class_list":["post-9646","post","type-post","status-publish","format-standard","has-post-thumbnail","hentry","category-politica"],"jetpack_featured_media_url":"https:\/\/www.tribunanf.com.br\/blogdoralfereis\/wp-content\/uploads\/sites\/11\/2020\/07\/palacio_guanabara.jpg","jetpack_sharing_enabled":true,"_links":{"self":[{"href":"https:\/\/www.tribunanf.com.br\/blogdoralfereis\/wp-json\/wp\/v2\/posts\/9646","targetHints":{"allow":["GET"]}}],"collection":[{"href":"https:\/\/www.tribunanf.com.br\/blogdoralfereis\/wp-json\/wp\/v2\/posts"}],"about":[{"href":"https:\/\/www.tribunanf.com.br\/blogdoralfereis\/wp-json\/wp\/v2\/types\/post"}],"author":[{"embeddable":true,"href":"https:\/\/www.tribunanf.com.br\/blogdoralfereis\/wp-json\/wp\/v2\/users\/2"}],"replies":[{"embeddable":true,"href":"https:\/\/www.tribunanf.com.br\/blogdoralfereis\/wp-json\/wp\/v2\/comments?post=9646"}],"version-history":[{"count":0,"href":"https:\/\/www.tribunanf.com.br\/blogdoralfereis\/wp-json\/wp\/v2\/posts\/9646\/revisions"}],"wp:featuredmedia":[{"embeddable":true,"href":"https:\/\/www.tribunanf.com.br\/blogdoralfereis\/wp-json\/wp\/v2\/media\/4584"}],"wp:attachment":[{"href":"https:\/\/www.tribunanf.com.br\/blogdoralfereis\/wp-json\/wp\/v2\/media?parent=9646"}],"wp:term":[{"taxonomy":"category","embeddable":true,"href":"https:\/\/www.tribunanf.com.br\/blogdoralfereis\/wp-json\/wp\/v2\/categories?post=9646"},{"taxonomy":"post_tag","embeddable":true,"href":"https:\/\/www.tribunanf.com.br\/blogdoralfereis\/wp-json\/wp\/v2\/tags?post=9646"}],"curies":[{"name":"wp","href":"https:\/\/api.w.org\/{rel}","templated":true}]}}