{"id":961,"date":"2018-10-08T15:23:32","date_gmt":"2018-10-08T18:23:32","guid":{"rendered":"http:\/\/www.tribunanf.com.br\/blogdoralfereis\/?p=961"},"modified":"2018-10-08T15:37:30","modified_gmt":"2018-10-08T18:37:30","slug":"eduardo-paes-expectativa-no-julgamento-da-aije","status":"publish","type":"post","link":"https:\/\/www.tribunanf.com.br\/blogdoralfereis\/2018\/10\/08\/eduardo-paes-expectativa-no-julgamento-da-aije\/","title":{"rendered":"Eduardo Paes: Expectativa no julgamento da Aije"},"content":{"rendered":"<p><img loading=\"lazy\" decoding=\"async\" class=\"aligncenter size-full wp-image-821\" src=\"http:\/\/www.tribunanf.com.br\/blogdoralfereis\/wp-content\/uploads\/sites\/11\/2018\/09\/eduardo-paes.jpg\" alt=\"\" width=\"615\" height=\"300\" srcset=\"https:\/\/www.tribunanf.com.br\/blogdoralfereis\/wp-content\/uploads\/sites\/11\/2018\/09\/eduardo-paes.jpg 615w, https:\/\/www.tribunanf.com.br\/blogdoralfereis\/wp-content\/uploads\/sites\/11\/2018\/09\/eduardo-paes-300x146.jpg 300w\" sizes=\"auto, (max-width: 615px) 100vw, 615px\" \/><\/p>\n<p style=\"text-align: justify;\">A expectativa da semana \u00e9 pelo julgamento da Aije n\u00famero 0001705-94.2016.6.19.0176, que figuram como r\u00e9us Eduardo Paes e Pedro Paulo, se encontra em condi\u00e7\u00f5es de julgamento pelo Egr\u00e9gio Tribunal Superior Eleitoral.<\/p>\n<p style=\"text-align: justify;\">Na verdade essa Aije deveria ter sido julgada antes do primeiro turno, mas a defesa de Eduardo Paes trocou de advogado, o que retardou aquela Corte eleitoral no julgamento do recurso.<\/p>\n<p style=\"text-align: justify;\">Caso seja restaurada a inelegibilidade de Paes e Pedro Paulo, o juiz Wilson Witzel ganhar\u00e1 a elei\u00e7\u00e3o por W.O, sem contudo, usar o seu cart\u00e3o vermelho.<\/p>\n","protected":false},"excerpt":{"rendered":"<p>A expectativa da semana \u00e9 pelo julgamento da Aije n\u00famero 0001705-94.2016.6.19.0176, que figuram como r\u00e9us Eduardo Paes e Pedro Paulo,&#8230;<\/p>\n","protected":false},"author":2,"featured_media":821,"comment_status":"open","ping_status":"open","sticky":false,"template":"","format":"standard","meta":{"colormag_page_container_layout":"default_layout","colormag_page_sidebar_layout":"default_layout","jetpack_post_was_ever_published":false,"_jetpack_newsletter_access":"","_jetpack_dont_email_post_to_subs":false,"_jetpack_newsletter_tier_id":0,"_jetpack_memberships_contains_paywalled_content":false,"_jetpack_memberships_contains_paid_content":false,"footnotes":""},"categories":[2],"tags":[],"class_list":["post-961","post","type-post","status-publish","format-standard","has-post-thumbnail","hentry","category-politica"],"jetpack_featured_media_url":"https:\/\/www.tribunanf.com.br\/blogdoralfereis\/wp-content\/uploads\/sites\/11\/2018\/09\/eduardo-paes.jpg","jetpack_sharing_enabled":true,"_links":{"self":[{"href":"https:\/\/www.tribunanf.com.br\/blogdoralfereis\/wp-json\/wp\/v2\/posts\/961","targetHints":{"allow":["GET"]}}],"collection":[{"href":"https:\/\/www.tribunanf.com.br\/blogdoralfereis\/wp-json\/wp\/v2\/posts"}],"about":[{"href":"https:\/\/www.tribunanf.com.br\/blogdoralfereis\/wp-json\/wp\/v2\/types\/post"}],"author":[{"embeddable":true,"href":"https:\/\/www.tribunanf.com.br\/blogdoralfereis\/wp-json\/wp\/v2\/users\/2"}],"replies":[{"embeddable":true,"href":"https:\/\/www.tribunanf.com.br\/blogdoralfereis\/wp-json\/wp\/v2\/comments?post=961"}],"version-history":[{"count":0,"href":"https:\/\/www.tribunanf.com.br\/blogdoralfereis\/wp-json\/wp\/v2\/posts\/961\/revisions"}],"wp:featuredmedia":[{"embeddable":true,"href":"https:\/\/www.tribunanf.com.br\/blogdoralfereis\/wp-json\/wp\/v2\/media\/821"}],"wp:attachment":[{"href":"https:\/\/www.tribunanf.com.br\/blogdoralfereis\/wp-json\/wp\/v2\/media?parent=961"}],"wp:term":[{"taxonomy":"category","embeddable":true,"href":"https:\/\/www.tribunanf.com.br\/blogdoralfereis\/wp-json\/wp\/v2\/categories?post=961"},{"taxonomy":"post_tag","embeddable":true,"href":"https:\/\/www.tribunanf.com.br\/blogdoralfereis\/wp-json\/wp\/v2\/tags?post=961"}],"curies":[{"name":"wp","href":"https:\/\/api.w.org\/{rel}","templated":true}]}}