{"id":9607,"date":"2022-07-03T11:25:31","date_gmt":"2022-07-03T14:25:31","guid":{"rendered":"https:\/\/www.tribunanf.com.br\/blogdoralfereis\/?p=9607"},"modified":"2022-07-03T15:29:48","modified_gmt":"2022-07-03T18:29:48","slug":"secretaria-de-educacao-de-campos-cancela-contrato-de-r-136-mil-por-palestra-de-leandro-karnal","status":"publish","type":"post","link":"https:\/\/www.tribunanf.com.br\/blogdoralfereis\/2022\/07\/03\/secretaria-de-educacao-de-campos-cancela-contrato-de-r-136-mil-por-palestra-de-leandro-karnal\/","title":{"rendered":"Secretaria de Educa\u00e7\u00e3o de Campos cancela contrato de R$ 136 mil por palestra de Leandro Karnal"},"content":{"rendered":"<p><img loading=\"lazy\" decoding=\"async\" class=\"aligncenter size-full wp-image-7045\" src=\"https:\/\/www.tribunanf.com.br\/blogdoralfereis\/wp-content\/uploads\/sites\/11\/2021\/06\/educacao.jpg\" alt=\"\" width=\"533\" height=\"400\" srcset=\"https:\/\/www.tribunanf.com.br\/blogdoralfereis\/wp-content\/uploads\/sites\/11\/2021\/06\/educacao.jpg 533w, https:\/\/www.tribunanf.com.br\/blogdoralfereis\/wp-content\/uploads\/sites\/11\/2021\/06\/educacao-300x225.jpg 300w\" sizes=\"auto, (max-width: 533px) 100vw, 533px\" \/><\/p>\n<p style=\"text-align: justify;\">O secret\u00e1rio de Educa\u00e7\u00e3o de Campos dos Goytacazes, Marcelo Machado Feres, revogou na \u00faltima sexta-feira a dispensa de licita\u00e7\u00e3o para contrata\u00e7\u00e3o do palestrante Leandro Karnal. O valor da palestra era de R$ 136 mil.<\/p>\n<p style=\"text-align: justify;\">O assunto gerou pol\u00eamica nos \u00faltimos dias devido ao valor da palestra (<strong><a href=\"https:\/\/blogdopedlowski.com\/2022\/06\/23\/campos-dos-goytacazes-com-escolas-com-salas-sem-porta-vai-gastar-r-135-mil-sem-licitacao-por-uma-palestra-com-leandro-karnal-pode-isso\/\" target=\"_blank\" rel=\"noopener\">aqui<\/a><\/strong>).<\/p>\n<p style=\"text-align: justify;\">O assunto tamb\u00e9m foi parar na C\u00e2mara Municipal, onde os vereadores da bancada de oposi\u00e7\u00e3o informaram que iriam protocolizar den\u00fancia no Minist\u00e9rio P\u00fablico.<\/p>\n<p style=\"text-align: justify;\">N\u00e3o se sabe se a palestra est\u00e1 mantida ou se a secretaria de Educa\u00e7\u00e3o far\u00e1 o acerto atrav\u00e9s de outra fonte.<\/p>\n<p style=\"text-align: justify;\">Em nota, a prefeitura informou que &#8220;<em>o valor da proposta elaborada pela empresa, que apresentou carta de exclusividade do palestrante, previa os custos com a palestra presencial, a libera\u00e7\u00e3o de uso de todo conte\u00fado de texto, \u00e1udio e v\u00eddeo produzidos durante o evento, de modo que seja utilizado em momentos posteriores pela rede municipal de ensino, al\u00e9m de impostos e log\u00edstica de transporte.&#8221;<\/em><\/p>\n<p style=\"text-align: justify;\">Leia mais:\u00a0<strong><a href=\"https:\/\/www.tribunanf.com.br\/apos-cancelamento-da-palestra-de-leandro-karnal-forum-regional-de-educacao-sera-realizado-de-10-a-12-de-agosto-com-nova-programacao\/\">Ap\u00f3s cancelamento da palestra de Leandro Karnal, F\u00f3rum Regional de Educa\u00e7\u00e3o ser\u00e1 realizado de 10 a 12 de agosto com nova programa\u00e7\u00e3o<\/a><\/strong><\/p>\n<p><img loading=\"lazy\" decoding=\"async\" class=\"aligncenter size-full wp-image-9608\" src=\"https:\/\/www.tribunanf.com.br\/blogdoralfereis\/wp-content\/uploads\/sites\/11\/2022\/07\/karnal.png\" alt=\"\" width=\"416\" height=\"155\" srcset=\"https:\/\/www.tribunanf.com.br\/blogdoralfereis\/wp-content\/uploads\/sites\/11\/2022\/07\/karnal.png 416w, https:\/\/www.tribunanf.com.br\/blogdoralfereis\/wp-content\/uploads\/sites\/11\/2022\/07\/karnal-300x112.png 300w\" sizes=\"auto, (max-width: 416px) 100vw, 416px\" \/><\/p>\n","protected":false},"excerpt":{"rendered":"<p>O secret\u00e1rio de Educa\u00e7\u00e3o de Campos dos Goytacazes, Marcelo Machado Feres, revogou na \u00faltima sexta-feira a dispensa de licita\u00e7\u00e3o para&#8230;<\/p>\n","protected":false},"author":2,"featured_media":7045,"comment_status":"open","ping_status":"open","sticky":false,"template":"","format":"standard","meta":{"colormag_page_container_layout":"default_layout","colormag_page_sidebar_layout":"default_layout","jetpack_post_was_ever_published":false,"_jetpack_newsletter_access":"","_jetpack_dont_email_post_to_subs":false,"_jetpack_newsletter_tier_id":0,"_jetpack_memberships_contains_paywalled_content":false,"_jetpack_memberships_contains_paid_content":false,"footnotes":""},"categories":[2],"tags":[],"class_list":["post-9607","post","type-post","status-publish","format-standard","has-post-thumbnail","hentry","category-politica"],"jetpack_featured_media_url":"https:\/\/www.tribunanf.com.br\/blogdoralfereis\/wp-content\/uploads\/sites\/11\/2021\/06\/educacao.jpg","jetpack_sharing_enabled":true,"_links":{"self":[{"href":"https:\/\/www.tribunanf.com.br\/blogdoralfereis\/wp-json\/wp\/v2\/posts\/9607","targetHints":{"allow":["GET"]}}],"collection":[{"href":"https:\/\/www.tribunanf.com.br\/blogdoralfereis\/wp-json\/wp\/v2\/posts"}],"about":[{"href":"https:\/\/www.tribunanf.com.br\/blogdoralfereis\/wp-json\/wp\/v2\/types\/post"}],"author":[{"embeddable":true,"href":"https:\/\/www.tribunanf.com.br\/blogdoralfereis\/wp-json\/wp\/v2\/users\/2"}],"replies":[{"embeddable":true,"href":"https:\/\/www.tribunanf.com.br\/blogdoralfereis\/wp-json\/wp\/v2\/comments?post=9607"}],"version-history":[{"count":0,"href":"https:\/\/www.tribunanf.com.br\/blogdoralfereis\/wp-json\/wp\/v2\/posts\/9607\/revisions"}],"wp:featuredmedia":[{"embeddable":true,"href":"https:\/\/www.tribunanf.com.br\/blogdoralfereis\/wp-json\/wp\/v2\/media\/7045"}],"wp:attachment":[{"href":"https:\/\/www.tribunanf.com.br\/blogdoralfereis\/wp-json\/wp\/v2\/media?parent=9607"}],"wp:term":[{"taxonomy":"category","embeddable":true,"href":"https:\/\/www.tribunanf.com.br\/blogdoralfereis\/wp-json\/wp\/v2\/categories?post=9607"},{"taxonomy":"post_tag","embeddable":true,"href":"https:\/\/www.tribunanf.com.br\/blogdoralfereis\/wp-json\/wp\/v2\/tags?post=9607"}],"curies":[{"name":"wp","href":"https:\/\/api.w.org\/{rel}","templated":true}]}}