{"id":9596,"date":"2022-07-01T19:43:31","date_gmt":"2022-07-01T22:43:31","guid":{"rendered":"https:\/\/www.tribunanf.com.br\/blogdoralfereis\/?p=9596"},"modified":"2022-07-01T22:59:00","modified_gmt":"2022-07-02T01:59:00","slug":"ministro-nunes-marques-muda-o-voto-e-operacao-chequinho-e-anulada","status":"publish","type":"post","link":"https:\/\/www.tribunanf.com.br\/blogdoralfereis\/2022\/07\/01\/ministro-nunes-marques-muda-o-voto-e-operacao-chequinho-e-anulada\/","title":{"rendered":"Ministro Nunes Marques muda o voto e opera\u00e7\u00e3o Chequinho \u00e9 anulada"},"content":{"rendered":"<p><img loading=\"lazy\" decoding=\"async\" class=\"aligncenter size-full wp-image-325\" src=\"https:\/\/www.tribunanf.com.br\/blogdoralfereis\/wp-content\/uploads\/sites\/11\/2018\/06\/garotinho-3.jpg\" alt=\"\" width=\"699\" height=\"420\" srcset=\"https:\/\/www.tribunanf.com.br\/blogdoralfereis\/wp-content\/uploads\/sites\/11\/2018\/06\/garotinho-3.jpg 699w, https:\/\/www.tribunanf.com.br\/blogdoralfereis\/wp-content\/uploads\/sites\/11\/2018\/06\/garotinho-3-300x180.jpg 300w\" sizes=\"auto, (max-width: 699px) 100vw, 699px\" \/><\/p>\n<p style=\"text-align: justify;\">O ministro Nunes Marques, do Supremo Tribunal Federal, mudou o voto e decidiu pela anula\u00e7\u00e3o da a\u00e7\u00e3o penal do ex-vereador Thiago Ferrugem no \u00e2mbito da opera\u00e7\u00e3o Chequinho.<\/p>\n<p>Confira o voto de Nunes Marques: <a href=\"https:\/\/www.tribunanf.com.br\/blogdoralfereis\/wp-content\/uploads\/sites\/11\/2022\/07\/Voto-Nunes-Marques-Operacao-Chequinho.pdf\">Voto Nunes Marques- Opera\u00e7\u00e3o Chequinho<\/a><\/p>\n<p style=\"text-align: justify;\">Est\u00e1 em julgamento virtual na 2\u00ba Turma um recurso da Procuradoria-Geral da Rep\u00fablica que busca restabelecer a condena\u00e7\u00e3o de Ferrugem no \u00e2mbito da opera\u00e7\u00e3o Chequinho. O julgamento termina em 5\/8, devido ao recesso.<\/p>\n<p style=\"text-align: justify;\"><a href=\"https:\/\/www.tribunanf.com.br\/ministro-ricardo-lewandowski-identifica-provas-ilicitas-e-anula-processos-da-operacao-chequinho\/\"><strong>Em mar\u00e7o, o ministro Ricardo Lewandowski acatou recurso do ex-vereador e<\/strong>\u00a0<strong>anulou o processo criminal da opera\u00e7\u00e3o Chequinho<\/strong><\/a> ao considerar que as provas colhidas durante a opera\u00e7\u00e3o n\u00e3o foram periciadas, tornando-as il\u00edcitas. Ferrugem foi condenado pelo Tribunal Regional Eleitoral (TRE), em agosto de 2019, a tr\u00eas anos e oito meses de pris\u00e3o, substitu\u00eddos por pagamento de multa e proibi\u00e7\u00e3o de exercer cargos p\u00fablicos, por suposta troca de votos por benef\u00edcios do programa Cheque Cidad\u00e3o na elei\u00e7\u00e3o municipal de 2016.<\/p>\n<p style=\"text-align: justify;\">O ministro Ricardo Lewandowski votou contra o recurso da PGR e foi acompanhado pelo ministro Gilmar Mendes.<\/p>\n<p style=\"text-align: justify;\">O ministro Edson Fachin abriu diverg\u00eancia e votou pela proced\u00eancia do recurso da PGR, e foi acompanhado por Nunes Marques. Em seguida, o ministro Andr\u00e9 Mendon\u00e7a pediu vista e suspendeu o julgamento. Mendon\u00e7a devolveu os autos nesta sexta-feira e votou com Edson Fachim, formando maioria contra o recurso de Ferrugem.<\/p>\n<p style=\"text-align: justify;\">Na sequencia, o ministro Nunes Marques retirou o voto e mudou o entendimento, passando a acompanhar o relator Ricardo Lewandowski.<\/p>\n<p style=\"text-align: justify;\">Com o placar de 3&#215;2, a a\u00e7\u00e3o penal decorrente da opera\u00e7\u00e3o Chequinho est\u00e1 anulada.<\/p>\n<p>O resultado do recurso beneficia o ex-governador Anthony Garotinho, que j\u00e1 pediu extens\u00e3o da decis\u00e3o favor\u00e1vel ao ex-vereador Thiago Ferrugem.<\/p>\n","protected":false},"excerpt":{"rendered":"<p>O ministro Nunes Marques, do Supremo Tribunal Federal, mudou o voto e decidiu pela anula\u00e7\u00e3o da a\u00e7\u00e3o penal do ex-vereador&#8230;<\/p>\n","protected":false},"author":2,"featured_media":325,"comment_status":"open","ping_status":"open","sticky":false,"template":"","format":"standard","meta":{"colormag_page_container_layout":"default_layout","colormag_page_sidebar_layout":"default_layout","jetpack_post_was_ever_published":false,"_jetpack_newsletter_access":"","_jetpack_dont_email_post_to_subs":false,"_jetpack_newsletter_tier_id":0,"_jetpack_memberships_contains_paywalled_content":false,"_jetpack_memberships_contains_paid_content":false,"footnotes":""},"categories":[2],"tags":[],"class_list":["post-9596","post","type-post","status-publish","format-standard","has-post-thumbnail","hentry","category-politica"],"jetpack_featured_media_url":"https:\/\/www.tribunanf.com.br\/blogdoralfereis\/wp-content\/uploads\/sites\/11\/2018\/06\/garotinho-3.jpg","jetpack_sharing_enabled":true,"_links":{"self":[{"href":"https:\/\/www.tribunanf.com.br\/blogdoralfereis\/wp-json\/wp\/v2\/posts\/9596","targetHints":{"allow":["GET"]}}],"collection":[{"href":"https:\/\/www.tribunanf.com.br\/blogdoralfereis\/wp-json\/wp\/v2\/posts"}],"about":[{"href":"https:\/\/www.tribunanf.com.br\/blogdoralfereis\/wp-json\/wp\/v2\/types\/post"}],"author":[{"embeddable":true,"href":"https:\/\/www.tribunanf.com.br\/blogdoralfereis\/wp-json\/wp\/v2\/users\/2"}],"replies":[{"embeddable":true,"href":"https:\/\/www.tribunanf.com.br\/blogdoralfereis\/wp-json\/wp\/v2\/comments?post=9596"}],"version-history":[{"count":0,"href":"https:\/\/www.tribunanf.com.br\/blogdoralfereis\/wp-json\/wp\/v2\/posts\/9596\/revisions"}],"wp:featuredmedia":[{"embeddable":true,"href":"https:\/\/www.tribunanf.com.br\/blogdoralfereis\/wp-json\/wp\/v2\/media\/325"}],"wp:attachment":[{"href":"https:\/\/www.tribunanf.com.br\/blogdoralfereis\/wp-json\/wp\/v2\/media?parent=9596"}],"wp:term":[{"taxonomy":"category","embeddable":true,"href":"https:\/\/www.tribunanf.com.br\/blogdoralfereis\/wp-json\/wp\/v2\/categories?post=9596"},{"taxonomy":"post_tag","embeddable":true,"href":"https:\/\/www.tribunanf.com.br\/blogdoralfereis\/wp-json\/wp\/v2\/tags?post=9596"}],"curies":[{"name":"wp","href":"https:\/\/api.w.org\/{rel}","templated":true}]}}