{"id":9588,"date":"2022-07-01T18:55:59","date_gmt":"2022-07-01T21:55:59","guid":{"rendered":"https:\/\/www.tribunanf.com.br\/blogdoralfereis\/?p=9588"},"modified":"2022-07-01T19:20:25","modified_gmt":"2022-07-01T22:20:25","slug":"chequinho-ministro-nunes-marques-retira-o-voto-e-julgamento-de-thiago-ferrugem-voltar-a-ficar-empatado","status":"publish","type":"post","link":"https:\/\/www.tribunanf.com.br\/blogdoralfereis\/2022\/07\/01\/chequinho-ministro-nunes-marques-retira-o-voto-e-julgamento-de-thiago-ferrugem-voltar-a-ficar-empatado\/","title":{"rendered":"Chequinho: Ministro Nunes Marques retira o voto e julgamento de Thiago Ferrugem volta a ficar empatado"},"content":{"rendered":"<p><img loading=\"lazy\" decoding=\"async\" class=\"aligncenter size-full wp-image-9401\" src=\"https:\/\/www.tribunanf.com.br\/blogdoralfereis\/wp-content\/uploads\/sites\/11\/2022\/05\/12985374_579524232214792_5761425627958383413_n.jpg\" alt=\"\" width=\"715\" height=\"609\" srcset=\"https:\/\/www.tribunanf.com.br\/blogdoralfereis\/wp-content\/uploads\/sites\/11\/2022\/05\/12985374_579524232214792_5761425627958383413_n.jpg 715w, https:\/\/www.tribunanf.com.br\/blogdoralfereis\/wp-content\/uploads\/sites\/11\/2022\/05\/12985374_579524232214792_5761425627958383413_n-300x256.jpg 300w\" sizes=\"auto, (max-width: 715px) 100vw, 715px\" \/><\/p>\n<p style=\"text-align: justify;\">O ministro Nunes Marques, do Supremo Tribunal Federal, retirou o voto que restabelecia a condena\u00e7\u00e3o do ex-vereador Thiago Ferrugem na a\u00e7\u00e3o penal da Chequinho.<\/p>\n<p style=\"text-align: justify;\">O placar estava 3&#215;2 ap\u00f3s o ministro Andr\u00e9 Mendon\u00e7a votar nesta sexta-feira (1) contra Ferrugem.<\/p>\n<p style=\"text-align: justify;\">Nunes Marques chegou a acompanhar a diverg\u00eancia do ministro Edson Fachin para restabelecer a condena\u00e7\u00e3o. Ap\u00f3s o voto de Mendon\u00e7a, Nunes Marques retirou o voto na tarde desta sexta-feira.<\/p>\n<p style=\"text-align: justify;\">O placar volta a ficar empatado. Agora, o voto decisivo \u00e9 de Nunes Marques.<\/p>\n<p style=\"text-align: justify;\">O julgamento termina em 5\/8, devido ao recesso no STF. O voto pode ser inserido novamente ainda nesta sexta ou ap\u00f3s o recesso.<\/p>\n<p>Segundo o regimento interno do tribunal, os votos podem ser alterados at\u00e9 o final do julgamento.<\/p>\n<p style=\"text-align: justify;\"><strong>Leia tamb\u00e9m:\u00a0<a href=\"https:\/\/www.tribunanf.com.br\/blogdoralfereis\/2022\/07\/01\/3x2-andre-mendonca-desempata-e-segunda-turma-do-stf-forma-maioria-para-manter-condenacao-de-thiago-ferrugem-na-chequinho\/\" target=\"_blank\" rel=\"noopener\">3\u00d72: Andr\u00e9 Mendon\u00e7a desempata e Segunda Turma do STF forma maioria para manter condena\u00e7\u00e3o de Thiago Ferrugem na Chequinho<\/a><\/strong><\/p>\n<p><img loading=\"lazy\" decoding=\"async\" class=\"aligncenter size-large wp-image-9589\" src=\"https:\/\/www.tribunanf.com.br\/blogdoralfereis\/wp-content\/uploads\/sites\/11\/2022\/07\/WhatsApp-Image-2022-07-01-at-16.36.53-1024x575.jpeg\" alt=\"\" width=\"800\" height=\"449\" srcset=\"https:\/\/www.tribunanf.com.br\/blogdoralfereis\/wp-content\/uploads\/sites\/11\/2022\/07\/WhatsApp-Image-2022-07-01-at-16.36.53-1024x575.jpeg 1024w, https:\/\/www.tribunanf.com.br\/blogdoralfereis\/wp-content\/uploads\/sites\/11\/2022\/07\/WhatsApp-Image-2022-07-01-at-16.36.53-300x169.jpeg 300w, https:\/\/www.tribunanf.com.br\/blogdoralfereis\/wp-content\/uploads\/sites\/11\/2022\/07\/WhatsApp-Image-2022-07-01-at-16.36.53-768x431.jpeg 768w, https:\/\/www.tribunanf.com.br\/blogdoralfereis\/wp-content\/uploads\/sites\/11\/2022\/07\/WhatsApp-Image-2022-07-01-at-16.36.53.jpeg 1280w\" sizes=\"auto, (max-width: 800px) 100vw, 800px\" \/><\/p>\n<p>&nbsp;<\/p>\n","protected":false},"excerpt":{"rendered":"<p>O ministro Nunes Marques, do Supremo Tribunal Federal, retirou o voto que restabelecia a condena\u00e7\u00e3o do ex-vereador Thiago Ferrugem na&#8230;<\/p>\n","protected":false},"author":2,"featured_media":9401,"comment_status":"open","ping_status":"open","sticky":false,"template":"","format":"standard","meta":{"colormag_page_container_layout":"default_layout","colormag_page_sidebar_layout":"default_layout","jetpack_post_was_ever_published":false,"_jetpack_newsletter_access":"","_jetpack_dont_email_post_to_subs":false,"_jetpack_newsletter_tier_id":0,"_jetpack_memberships_contains_paywalled_content":false,"_jetpack_memberships_contains_paid_content":false,"footnotes":""},"categories":[2],"tags":[],"class_list":["post-9588","post","type-post","status-publish","format-standard","has-post-thumbnail","hentry","category-politica"],"jetpack_featured_media_url":"https:\/\/www.tribunanf.com.br\/blogdoralfereis\/wp-content\/uploads\/sites\/11\/2022\/05\/12985374_579524232214792_5761425627958383413_n.jpg","jetpack_sharing_enabled":true,"_links":{"self":[{"href":"https:\/\/www.tribunanf.com.br\/blogdoralfereis\/wp-json\/wp\/v2\/posts\/9588","targetHints":{"allow":["GET"]}}],"collection":[{"href":"https:\/\/www.tribunanf.com.br\/blogdoralfereis\/wp-json\/wp\/v2\/posts"}],"about":[{"href":"https:\/\/www.tribunanf.com.br\/blogdoralfereis\/wp-json\/wp\/v2\/types\/post"}],"author":[{"embeddable":true,"href":"https:\/\/www.tribunanf.com.br\/blogdoralfereis\/wp-json\/wp\/v2\/users\/2"}],"replies":[{"embeddable":true,"href":"https:\/\/www.tribunanf.com.br\/blogdoralfereis\/wp-json\/wp\/v2\/comments?post=9588"}],"version-history":[{"count":0,"href":"https:\/\/www.tribunanf.com.br\/blogdoralfereis\/wp-json\/wp\/v2\/posts\/9588\/revisions"}],"wp:featuredmedia":[{"embeddable":true,"href":"https:\/\/www.tribunanf.com.br\/blogdoralfereis\/wp-json\/wp\/v2\/media\/9401"}],"wp:attachment":[{"href":"https:\/\/www.tribunanf.com.br\/blogdoralfereis\/wp-json\/wp\/v2\/media?parent=9588"}],"wp:term":[{"taxonomy":"category","embeddable":true,"href":"https:\/\/www.tribunanf.com.br\/blogdoralfereis\/wp-json\/wp\/v2\/categories?post=9588"},{"taxonomy":"post_tag","embeddable":true,"href":"https:\/\/www.tribunanf.com.br\/blogdoralfereis\/wp-json\/wp\/v2\/tags?post=9588"}],"curies":[{"name":"wp","href":"https:\/\/api.w.org\/{rel}","templated":true}]}}