{"id":9571,"date":"2022-06-29T19:13:46","date_gmt":"2022-06-29T22:13:46","guid":{"rendered":"https:\/\/www.tribunanf.com.br\/blogdoralfereis\/?p=9571"},"modified":"2022-06-29T19:13:46","modified_gmt":"2022-06-29T22:13:46","slug":"primeira-parcela-do-13o-dos-servidores-do-estado-rj-sera-depositada-nesta-quinta-30","status":"publish","type":"post","link":"https:\/\/www.tribunanf.com.br\/blogdoralfereis\/2022\/06\/29\/primeira-parcela-do-13o-dos-servidores-do-estado-rj-sera-depositada-nesta-quinta-30\/","title":{"rendered":"Primeira parcela do 13\u00ba dos servidores do estado RJ ser\u00e1 depositada nesta quinta (30)"},"content":{"rendered":"<p><img loading=\"lazy\" decoding=\"async\" class=\"aligncenter size-full wp-image-4584\" src=\"https:\/\/www.tribunanf.com.br\/blogdoralfereis\/wp-content\/uploads\/sites\/11\/2020\/07\/palacio_guanabara.jpg\" alt=\"\" width=\"1008\" height=\"567\" srcset=\"https:\/\/www.tribunanf.com.br\/blogdoralfereis\/wp-content\/uploads\/sites\/11\/2020\/07\/palacio_guanabara.jpg 1008w, https:\/\/www.tribunanf.com.br\/blogdoralfereis\/wp-content\/uploads\/sites\/11\/2020\/07\/palacio_guanabara-300x169.jpg 300w, https:\/\/www.tribunanf.com.br\/blogdoralfereis\/wp-content\/uploads\/sites\/11\/2020\/07\/palacio_guanabara-768x432.jpg 768w\" sizes=\"auto, (max-width: 1008px) 100vw, 1008px\" \/><\/p>\n<p style=\"text-align: justify;\">O governo vai depositar a primeira parcela do 13\u00ba nesta quinta-feira (30). Este \u00e9 o segundo ano seguido em que o direito \u00e9 antecipado. O pagamento \u00e9 destinado a 424.029 servidores ativos, inativos e pensionistas, e o valor da folha \u00e9 de R$ 1,46 bilh\u00e3o.<\/p>\n<p style=\"text-align: justify;\">&#8220;Al\u00e9m de ser uma maneira de reconhecer e agradecer o trabalho dos servidores, esse dinheiro ajuda a movimentar a economia do nosso estado&#8221;, comemora o governador Cl\u00e1udio Castro (PL).<\/p>\n<p style=\"text-align: justify;\">Vale lembrar que os descontos previstos em lei, como o Imposto de Renda e a contribui\u00e7\u00e3o previdenci\u00e1ria, n\u00e3o incidem sobre esta parcela. De acordo com o calend\u00e1rio oficial de pagamentos divulgado em fevereiro, o restante do dindim ser\u00e1 pago em 20 de dezembro. Os contracheques j\u00e1 est\u00e3o dispon\u00edveis no Portal do Servidor.<\/p>\n","protected":false},"excerpt":{"rendered":"<p>O governo vai depositar a primeira parcela do 13\u00ba nesta quinta-feira (30). Este \u00e9 o segundo ano seguido em que&#8230;<\/p>\n","protected":false},"author":2,"featured_media":4584,"comment_status":"open","ping_status":"open","sticky":false,"template":"","format":"standard","meta":{"colormag_page_container_layout":"default_layout","colormag_page_sidebar_layout":"default_layout","jetpack_post_was_ever_published":false,"_jetpack_newsletter_access":"","_jetpack_dont_email_post_to_subs":false,"_jetpack_newsletter_tier_id":0,"_jetpack_memberships_contains_paywalled_content":false,"_jetpack_memberships_contains_paid_content":false,"footnotes":""},"categories":[2],"tags":[],"class_list":["post-9571","post","type-post","status-publish","format-standard","has-post-thumbnail","hentry","category-politica"],"jetpack_featured_media_url":"https:\/\/www.tribunanf.com.br\/blogdoralfereis\/wp-content\/uploads\/sites\/11\/2020\/07\/palacio_guanabara.jpg","jetpack_sharing_enabled":true,"_links":{"self":[{"href":"https:\/\/www.tribunanf.com.br\/blogdoralfereis\/wp-json\/wp\/v2\/posts\/9571","targetHints":{"allow":["GET"]}}],"collection":[{"href":"https:\/\/www.tribunanf.com.br\/blogdoralfereis\/wp-json\/wp\/v2\/posts"}],"about":[{"href":"https:\/\/www.tribunanf.com.br\/blogdoralfereis\/wp-json\/wp\/v2\/types\/post"}],"author":[{"embeddable":true,"href":"https:\/\/www.tribunanf.com.br\/blogdoralfereis\/wp-json\/wp\/v2\/users\/2"}],"replies":[{"embeddable":true,"href":"https:\/\/www.tribunanf.com.br\/blogdoralfereis\/wp-json\/wp\/v2\/comments?post=9571"}],"version-history":[{"count":0,"href":"https:\/\/www.tribunanf.com.br\/blogdoralfereis\/wp-json\/wp\/v2\/posts\/9571\/revisions"}],"wp:featuredmedia":[{"embeddable":true,"href":"https:\/\/www.tribunanf.com.br\/blogdoralfereis\/wp-json\/wp\/v2\/media\/4584"}],"wp:attachment":[{"href":"https:\/\/www.tribunanf.com.br\/blogdoralfereis\/wp-json\/wp\/v2\/media?parent=9571"}],"wp:term":[{"taxonomy":"category","embeddable":true,"href":"https:\/\/www.tribunanf.com.br\/blogdoralfereis\/wp-json\/wp\/v2\/categories?post=9571"},{"taxonomy":"post_tag","embeddable":true,"href":"https:\/\/www.tribunanf.com.br\/blogdoralfereis\/wp-json\/wp\/v2\/tags?post=9571"}],"curies":[{"name":"wp","href":"https:\/\/api.w.org\/{rel}","templated":true}]}}