{"id":9514,"date":"2022-06-14T13:55:34","date_gmt":"2022-06-14T16:55:34","guid":{"rendered":"https:\/\/www.tribunanf.com.br\/blogdoralfereis\/?p=9514"},"modified":"2022-06-14T14:01:20","modified_gmt":"2022-06-14T17:01:20","slug":"castro-no-parque-saraiva","status":"publish","type":"post","link":"https:\/\/www.tribunanf.com.br\/blogdoralfereis\/2022\/06\/14\/castro-no-parque-saraiva\/","title":{"rendered":"Castro no Parque Saraiva"},"content":{"rendered":"<p><img loading=\"lazy\" decoding=\"async\" class=\"aligncenter size-full wp-image-6551\" src=\"https:\/\/www.tribunanf.com.br\/blogdoralfereis\/wp-content\/uploads\/sites\/11\/2021\/03\/castrofesta.jpg\" alt=\"\" width=\"976\" height=\"550\" srcset=\"https:\/\/www.tribunanf.com.br\/blogdoralfereis\/wp-content\/uploads\/sites\/11\/2021\/03\/castrofesta.jpg 976w, https:\/\/www.tribunanf.com.br\/blogdoralfereis\/wp-content\/uploads\/sites\/11\/2021\/03\/castrofesta-300x169.jpg 300w, https:\/\/www.tribunanf.com.br\/blogdoralfereis\/wp-content\/uploads\/sites\/11\/2021\/03\/castrofesta-768x433.jpg 768w\" sizes=\"auto, (max-width: 976px) 100vw, 976px\" \/><\/p>\n<p style=\"text-align: justify;\">O governador Cl\u00e1udio Castro estar\u00e1 em Campos nesta quarta-feira (15) para lan\u00e7ar as obras do Parque Saraiva, na Baixada Campista.<\/p>\n<p style=\"text-align: justify;\">O blog, que vem acompanhando o andamento de todo o processo, apertou o Pal\u00e1cio nos \u00faltimos dias cobrando o in\u00edcio das obras, uma vez que n\u00e3o faltava mais nada para dar o pontap\u00e9 inicial.<\/p>\n<p style=\"text-align: justify;\">Na \u00faltima semana, ap\u00f3s questionamentos, a assessoria do governador informou que estava na fase de levantamentos topogr\u00e1ficos, e o blog voltaria a apertar o Pal\u00e1cio cobrando o in\u00edcio.<\/p>\n<p style=\"text-align: justify;\">Agora confirmado, vamos continuar acompanhando, para n\u00e3o virar obra de igreja.<\/p>\n<p style=\"text-align: justify;\">Leia tamb\u00e9m:\u00a0<strong><a href=\"https:\/\/www.tribunanf.com.br\/prefeito-wladimir-garotinho-recebe-o-governador-claudio-castro-nesta-quarta-e-obras-no-parque-saraiva-devem-comecar-em-breve\/\">Prefeito Wladimir Garotinho recebe o governador Cl\u00e1udio Castro nesta quarta e obras no Parque Saraiva devem come\u00e7ar em breve<\/a><\/strong><\/p>\n<p style=\"text-align: justify;\"><strong><a href=\"https:\/\/www.tribunanf.com.br\/blogdoralfereis\/2022\/06\/03\/assessoria-de-claudio-castro-informa-sobre-o-inicio-das-obras-do-parque-saraiva\/\">Assessoria de Cl\u00e1udio Castro informa sobre o in\u00edcio das obras do Parque Saraiva<\/a><\/strong><\/p>\n<p style=\"text-align: justify;\"><strong><a href=\"https:\/\/www.tribunanf.com.br\/blogdoralfereis\/2022\/06\/02\/moradores-do-parque-saraiva-aguardam-o-governador-claudio-castro-para-inicio-das-obras\/\">Moradores do Parque Saraiva aguardam o governador Cl\u00e1udio Castro para in\u00edcio das obras<\/a><\/strong><\/p>\n","protected":false},"excerpt":{"rendered":"<p>O governador Cl\u00e1udio Castro estar\u00e1 em Campos nesta quarta-feira (15) para lan\u00e7ar as obras do Parque Saraiva, na Baixada Campista&#8230;.<\/p>\n","protected":false},"author":2,"featured_media":6551,"comment_status":"open","ping_status":"open","sticky":false,"template":"","format":"standard","meta":{"colormag_page_container_layout":"default_layout","colormag_page_sidebar_layout":"default_layout","jetpack_post_was_ever_published":false,"_jetpack_newsletter_access":"","_jetpack_dont_email_post_to_subs":false,"_jetpack_newsletter_tier_id":0,"_jetpack_memberships_contains_paywalled_content":false,"_jetpack_memberships_contains_paid_content":false,"footnotes":""},"categories":[2],"tags":[],"class_list":["post-9514","post","type-post","status-publish","format-standard","has-post-thumbnail","hentry","category-politica"],"jetpack_featured_media_url":"https:\/\/www.tribunanf.com.br\/blogdoralfereis\/wp-content\/uploads\/sites\/11\/2021\/03\/castrofesta.jpg","jetpack_sharing_enabled":true,"_links":{"self":[{"href":"https:\/\/www.tribunanf.com.br\/blogdoralfereis\/wp-json\/wp\/v2\/posts\/9514","targetHints":{"allow":["GET"]}}],"collection":[{"href":"https:\/\/www.tribunanf.com.br\/blogdoralfereis\/wp-json\/wp\/v2\/posts"}],"about":[{"href":"https:\/\/www.tribunanf.com.br\/blogdoralfereis\/wp-json\/wp\/v2\/types\/post"}],"author":[{"embeddable":true,"href":"https:\/\/www.tribunanf.com.br\/blogdoralfereis\/wp-json\/wp\/v2\/users\/2"}],"replies":[{"embeddable":true,"href":"https:\/\/www.tribunanf.com.br\/blogdoralfereis\/wp-json\/wp\/v2\/comments?post=9514"}],"version-history":[{"count":0,"href":"https:\/\/www.tribunanf.com.br\/blogdoralfereis\/wp-json\/wp\/v2\/posts\/9514\/revisions"}],"wp:featuredmedia":[{"embeddable":true,"href":"https:\/\/www.tribunanf.com.br\/blogdoralfereis\/wp-json\/wp\/v2\/media\/6551"}],"wp:attachment":[{"href":"https:\/\/www.tribunanf.com.br\/blogdoralfereis\/wp-json\/wp\/v2\/media?parent=9514"}],"wp:term":[{"taxonomy":"category","embeddable":true,"href":"https:\/\/www.tribunanf.com.br\/blogdoralfereis\/wp-json\/wp\/v2\/categories?post=9514"},{"taxonomy":"post_tag","embeddable":true,"href":"https:\/\/www.tribunanf.com.br\/blogdoralfereis\/wp-json\/wp\/v2\/tags?post=9514"}],"curies":[{"name":"wp","href":"https:\/\/api.w.org\/{rel}","templated":true}]}}