{"id":9505,"date":"2022-06-11T11:02:02","date_gmt":"2022-06-11T14:02:02","guid":{"rendered":"https:\/\/www.tribunanf.com.br\/blogdoralfereis\/?p=9505"},"modified":"2022-06-11T11:02:02","modified_gmt":"2022-06-11T14:02:02","slug":"castro-rebate-nota-e-diz-que-seu-unico-objetivo-e-trabalhar-com-firmeza-e-humildade-para-o-povo-fluminense","status":"publish","type":"post","link":"https:\/\/www.tribunanf.com.br\/blogdoralfereis\/2022\/06\/11\/castro-rebate-nota-e-diz-que-seu-unico-objetivo-e-trabalhar-com-firmeza-e-humildade-para-o-povo-fluminense\/","title":{"rendered":"Castro rebate nota e diz que seu \u00fanico objetivo \u00e9 trabalhar \u201ccom firmeza e humildade\u201d para o povo fluminense"},"content":{"rendered":"<p><img loading=\"lazy\" decoding=\"async\" class=\"aligncenter size-full wp-image-8130\" src=\"https:\/\/www.tribunanf.com.br\/blogdoralfereis\/wp-content\/uploads\/sites\/11\/2021\/12\/claudio-castro-e1638361407352.jpg\" alt=\"\" width=\"900\" height=\"600\" \/><\/p>\n<p style=\"text-align: justify;\">A assessoria do governador Cl\u00e1udio Castro enviou nota ao blog para rebater a informa\u00e7\u00e3o publicada aqui &#8220;<strong><a href=\"https:\/\/www.tribunanf.com.br\/blogdoralfereis\/2022\/06\/11\/em-clima-de-ja-ganhou-claudio-castro-projeta-eleicao-para-presidente-em-2026-diz-coluna\/\">Em clima de j\u00e1 ganhou, Cl\u00e1udio Castro projeta elei\u00e7\u00e3o para presidente em 2026, diz coluna<\/a>.&#8221;<\/strong><\/p>\n<p style=\"text-align: justify;\">Mais cedo, repercutimos a nota da coluna de Guilherme Amado, onde diz que Castro planeja disputar o Pal\u00e1cio do Planalto e ser o sucessor de Jair Bolsonaro.<\/p>\n<p style=\"text-align: justify;\">Em nota, o governador se disse surpreso com a informa\u00e7\u00e3o. Confira:<\/p>\n<p style=\"text-align: justify;\">&#8220;<em>O governador Cl\u00e1udio Castro foi surpreendido pela nota publicada pela coluna e afirma ser completamente infundada. A \u00fanica obsess\u00e3o do governador do Rio de Janeiro \u00e9 trabalhar incansavelmente para melhorar a vida do povo fluminense, com humildade e, sobretudo, firmeza<\/em>.&#8221;, disse a nota.<\/p>\n","protected":false},"excerpt":{"rendered":"<p>A assessoria do governador Cl\u00e1udio Castro enviou nota ao blog para rebater a informa\u00e7\u00e3o publicada aqui &#8220;Em clima de j\u00e1&#8230;<\/p>\n","protected":false},"author":2,"featured_media":8130,"comment_status":"open","ping_status":"open","sticky":false,"template":"","format":"standard","meta":{"colormag_page_container_layout":"default_layout","colormag_page_sidebar_layout":"default_layout","jetpack_post_was_ever_published":false,"_jetpack_newsletter_access":"","_jetpack_dont_email_post_to_subs":false,"_jetpack_newsletter_tier_id":0,"_jetpack_memberships_contains_paywalled_content":false,"_jetpack_memberships_contains_paid_content":false,"footnotes":""},"categories":[2],"tags":[],"class_list":["post-9505","post","type-post","status-publish","format-standard","has-post-thumbnail","hentry","category-politica"],"jetpack_featured_media_url":"https:\/\/www.tribunanf.com.br\/blogdoralfereis\/wp-content\/uploads\/sites\/11\/2021\/12\/claudio-castro-e1638361407352.jpg","jetpack_sharing_enabled":true,"_links":{"self":[{"href":"https:\/\/www.tribunanf.com.br\/blogdoralfereis\/wp-json\/wp\/v2\/posts\/9505","targetHints":{"allow":["GET"]}}],"collection":[{"href":"https:\/\/www.tribunanf.com.br\/blogdoralfereis\/wp-json\/wp\/v2\/posts"}],"about":[{"href":"https:\/\/www.tribunanf.com.br\/blogdoralfereis\/wp-json\/wp\/v2\/types\/post"}],"author":[{"embeddable":true,"href":"https:\/\/www.tribunanf.com.br\/blogdoralfereis\/wp-json\/wp\/v2\/users\/2"}],"replies":[{"embeddable":true,"href":"https:\/\/www.tribunanf.com.br\/blogdoralfereis\/wp-json\/wp\/v2\/comments?post=9505"}],"version-history":[{"count":0,"href":"https:\/\/www.tribunanf.com.br\/blogdoralfereis\/wp-json\/wp\/v2\/posts\/9505\/revisions"}],"wp:featuredmedia":[{"embeddable":true,"href":"https:\/\/www.tribunanf.com.br\/blogdoralfereis\/wp-json\/wp\/v2\/media\/8130"}],"wp:attachment":[{"href":"https:\/\/www.tribunanf.com.br\/blogdoralfereis\/wp-json\/wp\/v2\/media?parent=9505"}],"wp:term":[{"taxonomy":"category","embeddable":true,"href":"https:\/\/www.tribunanf.com.br\/blogdoralfereis\/wp-json\/wp\/v2\/categories?post=9505"},{"taxonomy":"post_tag","embeddable":true,"href":"https:\/\/www.tribunanf.com.br\/blogdoralfereis\/wp-json\/wp\/v2\/tags?post=9505"}],"curies":[{"name":"wp","href":"https:\/\/api.w.org\/{rel}","templated":true}]}}