{"id":9456,"date":"2022-06-03T13:11:00","date_gmt":"2022-06-03T16:11:00","guid":{"rendered":"https:\/\/www.tribunanf.com.br\/blogdoralfereis\/?p=9456"},"modified":"2022-06-03T13:11:00","modified_gmt":"2022-06-03T16:11:00","slug":"prefeitura-de-campos-vai-incluir-mais-de-2-mil-servidores-no-auxilio-alimentacao","status":"publish","type":"post","link":"https:\/\/www.tribunanf.com.br\/blogdoralfereis\/2022\/06\/03\/prefeitura-de-campos-vai-incluir-mais-de-2-mil-servidores-no-auxilio-alimentacao\/","title":{"rendered":"Prefeitura de Campos vai incluir mais de 2 mil servidores no aux\u00edlio alimenta\u00e7\u00e3o"},"content":{"rendered":"<p><img loading=\"lazy\" decoding=\"async\" class=\"aligncenter size-large wp-image-8789\" src=\"https:\/\/www.tribunanf.com.br\/blogdoralfereis\/wp-content\/uploads\/sites\/11\/2022\/03\/wlad-1024x573.png\" alt=\"\" width=\"800\" height=\"448\" \/><\/p>\n<p style=\"text-align: justify;\">A prefeitura de Campos vai incluir mais de 2 mil servidores no benef\u00edcio do Aux\u00edlio Alimenta\u00e7\u00e3o, com a altera\u00e7\u00e3o do programa, que passar\u00e1 a ter como regramento o sal\u00e1rio base para concess\u00e3o e n\u00e3o mais o sal\u00e1rio bruto.<\/p>\n<p style=\"text-align: justify;\">\u00c9 mais uma conquista dos servidores na gest\u00e3o de Wladimir Garotinho, que encontrou um rombo nas contas deixadas pela gest\u00e3o rafaelista, como sal\u00e1rio de dezembro e d\u00e9cimo terceiro atrasados.<\/p>\n<p style=\"text-align: justify;\">Wladimir determinou a elabora\u00e7\u00e3o de um projeto de lei para encaminhar \u00e0 C\u00e2mara Municipal atendendo uma indica\u00e7\u00e3o legislativa do vereador Cabo Alonsimar.<\/p>\n<p style=\"text-align: justify;\">Ajustando as contas do munic\u00edpio, o prefeito quitou no ano passado 15 folhas de pagamento e concedeu abono de R$ 2 mil a todos servidores.<\/p>\n","protected":false},"excerpt":{"rendered":"<p>A prefeitura de Campos vai incluir mais de 2 mil servidores no benef\u00edcio do Aux\u00edlio Alimenta\u00e7\u00e3o, com a altera\u00e7\u00e3o do&#8230;<\/p>\n","protected":false},"author":2,"featured_media":8789,"comment_status":"open","ping_status":"open","sticky":false,"template":"","format":"standard","meta":{"colormag_page_container_layout":"default_layout","colormag_page_sidebar_layout":"default_layout","jetpack_post_was_ever_published":false,"_jetpack_newsletter_access":"","_jetpack_dont_email_post_to_subs":false,"_jetpack_newsletter_tier_id":0,"_jetpack_memberships_contains_paywalled_content":false,"_jetpack_memberships_contains_paid_content":false,"footnotes":""},"categories":[2],"tags":[],"class_list":["post-9456","post","type-post","status-publish","format-standard","has-post-thumbnail","hentry","category-politica"],"jetpack_featured_media_url":"https:\/\/www.tribunanf.com.br\/blogdoralfereis\/wp-content\/uploads\/sites\/11\/2022\/03\/wlad-e1646775402199.png","jetpack_sharing_enabled":true,"_links":{"self":[{"href":"https:\/\/www.tribunanf.com.br\/blogdoralfereis\/wp-json\/wp\/v2\/posts\/9456","targetHints":{"allow":["GET"]}}],"collection":[{"href":"https:\/\/www.tribunanf.com.br\/blogdoralfereis\/wp-json\/wp\/v2\/posts"}],"about":[{"href":"https:\/\/www.tribunanf.com.br\/blogdoralfereis\/wp-json\/wp\/v2\/types\/post"}],"author":[{"embeddable":true,"href":"https:\/\/www.tribunanf.com.br\/blogdoralfereis\/wp-json\/wp\/v2\/users\/2"}],"replies":[{"embeddable":true,"href":"https:\/\/www.tribunanf.com.br\/blogdoralfereis\/wp-json\/wp\/v2\/comments?post=9456"}],"version-history":[{"count":0,"href":"https:\/\/www.tribunanf.com.br\/blogdoralfereis\/wp-json\/wp\/v2\/posts\/9456\/revisions"}],"wp:featuredmedia":[{"embeddable":true,"href":"https:\/\/www.tribunanf.com.br\/blogdoralfereis\/wp-json\/wp\/v2\/media\/8789"}],"wp:attachment":[{"href":"https:\/\/www.tribunanf.com.br\/blogdoralfereis\/wp-json\/wp\/v2\/media?parent=9456"}],"wp:term":[{"taxonomy":"category","embeddable":true,"href":"https:\/\/www.tribunanf.com.br\/blogdoralfereis\/wp-json\/wp\/v2\/categories?post=9456"},{"taxonomy":"post_tag","embeddable":true,"href":"https:\/\/www.tribunanf.com.br\/blogdoralfereis\/wp-json\/wp\/v2\/tags?post=9456"}],"curies":[{"name":"wp","href":"https:\/\/api.w.org\/{rel}","templated":true}]}}