{"id":9452,"date":"2022-06-02T21:48:30","date_gmt":"2022-06-03T00:48:30","guid":{"rendered":"https:\/\/www.tribunanf.com.br\/blogdoralfereis\/?p=9452"},"modified":"2022-06-02T21:49:32","modified_gmt":"2022-06-03T00:49:32","slug":"1x1-fachin-abre-divergencia-e-vota-para-manter-condenacao-de-thiago-ferrugem-na-chequinho","status":"publish","type":"post","link":"https:\/\/www.tribunanf.com.br\/blogdoralfereis\/2022\/06\/02\/1x1-fachin-abre-divergencia-e-vota-para-manter-condenacao-de-thiago-ferrugem-na-chequinho\/","title":{"rendered":"1&#215;1: Fachin abre diverg\u00eancia e vota para manter condena\u00e7\u00e3o de Thiago Ferrugem na Chequinho"},"content":{"rendered":"<p><img loading=\"lazy\" decoding=\"async\" class=\"aligncenter size-full wp-image-6413\" src=\"https:\/\/www.tribunanf.com.br\/blogdoralfereis\/wp-content\/uploads\/sites\/11\/2021\/03\/12_03_2021_20_00_04.jpg\" alt=\"\" width=\"600\" height=\"400\" srcset=\"https:\/\/www.tribunanf.com.br\/blogdoralfereis\/wp-content\/uploads\/sites\/11\/2021\/03\/12_03_2021_20_00_04.jpg 600w, https:\/\/www.tribunanf.com.br\/blogdoralfereis\/wp-content\/uploads\/sites\/11\/2021\/03\/12_03_2021_20_00_04-300x200.jpg 300w\" sizes=\"auto, (max-width: 600px) 100vw, 600px\" \/><\/p>\n<p style=\"text-align: justify;\">O ministro Edson Fachin, do Supremo Tribunal Federal, abriu diverg\u00eancia no recurso do ex-vereador Thiago Ferrugem e votou na noite desta quinta-feira para manter a condena\u00e7\u00e3o na opera\u00e7\u00e3o Chequinho.<\/p>\n<p style=\"text-align: justify;\">Est\u00e1 em julgamento virtual na 2\u00ba Turma um recurso da Procuradoria Geral da Rep\u00fablica que busca restabelecer a condena\u00e7\u00e3o de Ferrugem no \u00e2mbito da opera\u00e7\u00e3o Chequinho.<\/p>\n<p style=\"text-align: justify;\"><a href=\"https:\/\/www.tribunanf.com.br\/ministro-ricardo-lewandowski-identifica-provas-ilicitas-e-anula-processos-da-operacao-chequinho\/\"><strong>Em mar\u00e7o, o ministro Ricardo Lewandowski acatou recurso do ex-vereador e<\/strong>\u00a0<strong>anulou o processo criminal da opera\u00e7\u00e3o Chequinho<\/strong><\/a><strong>.<\/strong>\u00a0Ferrugem foi condenado pelo Tribunal Regional Eleitoral (TRE), em agosto de 2019, a tr\u00eas anos e oito meses de pris\u00e3o, substitu\u00eddos por pagamento de multa e proibi\u00e7\u00e3o de exercer cargos p\u00fablicos, por suposta troca de votos por benef\u00edcios do programa Cheque Cidad\u00e3o na elei\u00e7\u00e3o municipal de 2016.<\/p>\n<p style=\"text-align: justify;\">Em seu voto, que mant\u00e9m a nulidade da a\u00e7\u00e3o, Lewandowski aponta que n\u00e3o foi realizada per\u00edcia no material apreendido durante a busca e apreens\u00e3o na Secretaria de Desenvolvimento Humano e Social de Campos, o que torna il\u00edcita as provas colhidas.<\/p>\n<p><strong><a href=\"https:\/\/www.tribunanf.com.br\/blogdoralfereis\/2022\/05\/27\/1x0-lewandowski-vota-contra-recurso-da-pgr-e-mantem-anulacao-de-acao-da-operacao-chequinho\/\">*Lewandowski vota contra recurso da PGR e mant\u00e9m anula\u00e7\u00e3o de a\u00e7\u00e3o da opera\u00e7\u00e3o Chequinho<\/a><\/strong><\/p>\n<p style=\"text-align: justify;\">O julgamento termina nesta sexta-feira. Faltam votar os ministros Andr\u00e9 Mendon\u00e7a, Gilmar Mendes e Nunes Marques.<\/p>\n<p style=\"text-align: justify;\">Confira o voto de Fachin: <a href=\"https:\/\/www.tribunanf.com.br\/blogdoralfereis\/wp-content\/uploads\/sites\/11\/2022\/06\/5565222-1.pdf\">Chequinho-voto-Fachin<\/a><\/p>\n","protected":false},"excerpt":{"rendered":"<p>O ministro Edson Fachin, do Supremo Tribunal Federal, abriu diverg\u00eancia no recurso do ex-vereador Thiago Ferrugem e votou na noite&#8230;<\/p>\n","protected":false},"author":2,"featured_media":6413,"comment_status":"open","ping_status":"open","sticky":false,"template":"","format":"standard","meta":{"colormag_page_container_layout":"default_layout","colormag_page_sidebar_layout":"default_layout","jetpack_post_was_ever_published":false,"_jetpack_newsletter_access":"","_jetpack_dont_email_post_to_subs":false,"_jetpack_newsletter_tier_id":0,"_jetpack_memberships_contains_paywalled_content":false,"_jetpack_memberships_contains_paid_content":false,"footnotes":""},"categories":[2],"tags":[],"class_list":["post-9452","post","type-post","status-publish","format-standard","has-post-thumbnail","hentry","category-politica"],"jetpack_featured_media_url":"https:\/\/www.tribunanf.com.br\/blogdoralfereis\/wp-content\/uploads\/sites\/11\/2021\/03\/12_03_2021_20_00_04.jpg","jetpack_sharing_enabled":true,"_links":{"self":[{"href":"https:\/\/www.tribunanf.com.br\/blogdoralfereis\/wp-json\/wp\/v2\/posts\/9452","targetHints":{"allow":["GET"]}}],"collection":[{"href":"https:\/\/www.tribunanf.com.br\/blogdoralfereis\/wp-json\/wp\/v2\/posts"}],"about":[{"href":"https:\/\/www.tribunanf.com.br\/blogdoralfereis\/wp-json\/wp\/v2\/types\/post"}],"author":[{"embeddable":true,"href":"https:\/\/www.tribunanf.com.br\/blogdoralfereis\/wp-json\/wp\/v2\/users\/2"}],"replies":[{"embeddable":true,"href":"https:\/\/www.tribunanf.com.br\/blogdoralfereis\/wp-json\/wp\/v2\/comments?post=9452"}],"version-history":[{"count":0,"href":"https:\/\/www.tribunanf.com.br\/blogdoralfereis\/wp-json\/wp\/v2\/posts\/9452\/revisions"}],"wp:featuredmedia":[{"embeddable":true,"href":"https:\/\/www.tribunanf.com.br\/blogdoralfereis\/wp-json\/wp\/v2\/media\/6413"}],"wp:attachment":[{"href":"https:\/\/www.tribunanf.com.br\/blogdoralfereis\/wp-json\/wp\/v2\/media?parent=9452"}],"wp:term":[{"taxonomy":"category","embeddable":true,"href":"https:\/\/www.tribunanf.com.br\/blogdoralfereis\/wp-json\/wp\/v2\/categories?post=9452"},{"taxonomy":"post_tag","embeddable":true,"href":"https:\/\/www.tribunanf.com.br\/blogdoralfereis\/wp-json\/wp\/v2\/tags?post=9452"}],"curies":[{"name":"wp","href":"https:\/\/api.w.org\/{rel}","templated":true}]}}