{"id":9391,"date":"2022-05-25T17:03:02","date_gmt":"2022-05-25T20:03:02","guid":{"rendered":"https:\/\/www.tribunanf.com.br\/blogdoralfereis\/?p=9391"},"modified":"2022-05-25T17:15:19","modified_gmt":"2022-05-25T20:15:19","slug":"wladimir-garotinho-anuncia-metade-do-13-para-todos-servidores-e-equiparacao-nos-salarios-dos-asgs","status":"publish","type":"post","link":"https:\/\/www.tribunanf.com.br\/blogdoralfereis\/2022\/05\/25\/wladimir-garotinho-anuncia-metade-do-13-para-todos-servidores-e-equiparacao-nos-salarios-dos-asgs\/","title":{"rendered":"Wladimir Garotinho anuncia metade do 13\u00b0 para todos servidores e equipara\u00e7\u00e3o nos sal\u00e1rios dos ASGs"},"content":{"rendered":"<p><img loading=\"lazy\" decoding=\"async\" class=\"aligncenter size-large wp-image-9392\" src=\"https:\/\/www.tribunanf.com.br\/blogdoralfereis\/wp-content\/uploads\/sites\/11\/2022\/05\/with-198960-1024x683.jpg\" alt=\"\" width=\"800\" height=\"534\" srcset=\"https:\/\/www.tribunanf.com.br\/blogdoralfereis\/wp-content\/uploads\/sites\/11\/2022\/05\/with-198960-1024x683.jpg 1024w, https:\/\/www.tribunanf.com.br\/blogdoralfereis\/wp-content\/uploads\/sites\/11\/2022\/05\/with-198960-300x200.jpg 300w, https:\/\/www.tribunanf.com.br\/blogdoralfereis\/wp-content\/uploads\/sites\/11\/2022\/05\/with-198960-768x512.jpg 768w, https:\/\/www.tribunanf.com.br\/blogdoralfereis\/wp-content\/uploads\/sites\/11\/2022\/05\/with-198960.jpg 1280w\" sizes=\"auto, (max-width: 800px) 100vw, 800px\" \/><\/p>\n<p style=\"text-align: justify;\">O Prefeito Wladimir Garotinho se reuniu nesta quarta-feira (25) com uma comiss\u00e3o de servidores representando a categoria de Agentes de Servi\u00e7os Gerais (ASG) e anunciou que vai publicar, na pr\u00f3xima sexta-feira (27), decreto que permitir\u00e1 a estes servidores a equipara\u00e7\u00e3o com o sal\u00e1rio m\u00ednimo nacional a partir da folha de pagamento do m\u00eas de junho. Cerca de 560 servidores da prefeitura recebem abaixo do sal\u00e1rio m\u00ednimo e a medida vai reparar uma injusti\u00e7a com estes trabalhadores. Na oportunidade, o prefeito anunciou tamb\u00e9m a libera\u00e7\u00e3o da primeira parcela do 13\u00b0 sal\u00e1rio para todos os servidores no pagamento referente ao exerc\u00edcio de junho. Na reuni\u00e3o, ele estava acompanhado pelo Procurador Geral do Munic\u00edpio, Roberto Landes, do secret\u00e1rio de Administra\u00e7\u00e3o e Recursos Humanos, Wainer Teixeira, e do secret\u00e1rio de Comunica\u00e7\u00e3o Social, S\u00e9rgio Cunha, al\u00e9m de vereadores da base do governo<\/p>\n<p style=\"text-align: justify;\">&#8211; \u00c9 uma luta justa, antiga de todos eles. Estamos fazendo um decreto, que ser\u00e1 publicado na pr\u00f3xima sexta-feira. Hoje, a prefeitura tem servidor que ganha menos do sal\u00e1rio m\u00ednimo. Isso n\u00e3o \u00e9 justo, n\u00e3o \u00e9 correto e estaremos corrigindo essa injusti\u00e7a com essa classe t\u00e3o trabalhadora. Vamos voltar a nos reunir na pr\u00f3xima semana com estudo de impacto para saber como \u00e9 poss\u00edvel fazer o enquadramento de servidores da \u00e1rea de servi\u00e7os gerais &#8211; explica o prefeito, que reuniu os servidores e os vereadores para dar a boa not\u00edcia.<\/p>\n<p><iframe loading=\"lazy\" style=\"border: none; overflow: hidden;\" src=\"https:\/\/www.facebook.com\/plugins\/video.php?height=316&amp;href=https%3A%2F%2Fwww.facebook.com%2Fwladimirgarotinhoo%2Fvideos%2F5057374244298919%2F&amp;show_text=true&amp;width=560&amp;t=0\" width=\"560\" height=\"431\" frameborder=\"0\" scrolling=\"no\" allowfullscreen=\"allowfullscreen\"><\/iframe><\/p>\n<p>Fonte: Secom<\/p>\n","protected":false},"excerpt":{"rendered":"<p>O Prefeito Wladimir Garotinho se reuniu nesta quarta-feira (25) com uma comiss\u00e3o de servidores representando a categoria de Agentes de&#8230;<\/p>\n","protected":false},"author":2,"featured_media":9392,"comment_status":"open","ping_status":"open","sticky":false,"template":"","format":"standard","meta":{"colormag_page_container_layout":"default_layout","colormag_page_sidebar_layout":"default_layout","jetpack_post_was_ever_published":false,"_jetpack_newsletter_access":"","_jetpack_dont_email_post_to_subs":false,"_jetpack_newsletter_tier_id":0,"_jetpack_memberships_contains_paywalled_content":false,"_jetpack_memberships_contains_paid_content":false,"footnotes":""},"categories":[2],"tags":[],"class_list":["post-9391","post","type-post","status-publish","format-standard","has-post-thumbnail","hentry","category-politica"],"jetpack_featured_media_url":"https:\/\/www.tribunanf.com.br\/blogdoralfereis\/wp-content\/uploads\/sites\/11\/2022\/05\/with-198960.jpg","jetpack_sharing_enabled":true,"_links":{"self":[{"href":"https:\/\/www.tribunanf.com.br\/blogdoralfereis\/wp-json\/wp\/v2\/posts\/9391","targetHints":{"allow":["GET"]}}],"collection":[{"href":"https:\/\/www.tribunanf.com.br\/blogdoralfereis\/wp-json\/wp\/v2\/posts"}],"about":[{"href":"https:\/\/www.tribunanf.com.br\/blogdoralfereis\/wp-json\/wp\/v2\/types\/post"}],"author":[{"embeddable":true,"href":"https:\/\/www.tribunanf.com.br\/blogdoralfereis\/wp-json\/wp\/v2\/users\/2"}],"replies":[{"embeddable":true,"href":"https:\/\/www.tribunanf.com.br\/blogdoralfereis\/wp-json\/wp\/v2\/comments?post=9391"}],"version-history":[{"count":0,"href":"https:\/\/www.tribunanf.com.br\/blogdoralfereis\/wp-json\/wp\/v2\/posts\/9391\/revisions"}],"wp:featuredmedia":[{"embeddable":true,"href":"https:\/\/www.tribunanf.com.br\/blogdoralfereis\/wp-json\/wp\/v2\/media\/9392"}],"wp:attachment":[{"href":"https:\/\/www.tribunanf.com.br\/blogdoralfereis\/wp-json\/wp\/v2\/media?parent=9391"}],"wp:term":[{"taxonomy":"category","embeddable":true,"href":"https:\/\/www.tribunanf.com.br\/blogdoralfereis\/wp-json\/wp\/v2\/categories?post=9391"},{"taxonomy":"post_tag","embeddable":true,"href":"https:\/\/www.tribunanf.com.br\/blogdoralfereis\/wp-json\/wp\/v2\/tags?post=9391"}],"curies":[{"name":"wp","href":"https:\/\/api.w.org\/{rel}","templated":true}]}}