{"id":9375,"date":"2022-05-23T11:13:12","date_gmt":"2022-05-23T14:13:12","guid":{"rendered":"https:\/\/www.tribunanf.com.br\/blogdoralfereis\/?p=9375"},"modified":"2022-05-23T11:13:12","modified_gmt":"2022-05-23T14:13:12","slug":"garotinho-novo-cabral-claudio-castro-se-junta-a-eduardo-cunha-para-impedir-minha-pre-candidatura","status":"publish","type":"post","link":"https:\/\/www.tribunanf.com.br\/blogdoralfereis\/2022\/05\/23\/garotinho-novo-cabral-claudio-castro-se-junta-a-eduardo-cunha-para-impedir-minha-pre-candidatura\/","title":{"rendered":"Garotinho: &#8220;Novo Cabral (Cl\u00e1udio Castro) se junta a Eduardo Cunha para impedir minha pr\u00e9-candidatura&#8221;"},"content":{"rendered":"<p><img loading=\"lazy\" decoding=\"async\" class=\"aligncenter size-large wp-image-9376\" src=\"https:\/\/www.tribunanf.com.br\/blogdoralfereis\/wp-content\/uploads\/sites\/11\/2022\/05\/WhatsApp-Image-2022-05-23-at-11.09.43-916x1024.jpeg\" alt=\"\" width=\"800\" height=\"894\" srcset=\"https:\/\/www.tribunanf.com.br\/blogdoralfereis\/wp-content\/uploads\/sites\/11\/2022\/05\/WhatsApp-Image-2022-05-23-at-11.09.43-916x1024.jpeg 916w, https:\/\/www.tribunanf.com.br\/blogdoralfereis\/wp-content\/uploads\/sites\/11\/2022\/05\/WhatsApp-Image-2022-05-23-at-11.09.43-268x300.jpeg 268w, https:\/\/www.tribunanf.com.br\/blogdoralfereis\/wp-content\/uploads\/sites\/11\/2022\/05\/WhatsApp-Image-2022-05-23-at-11.09.43-768x858.jpeg 768w, https:\/\/www.tribunanf.com.br\/blogdoralfereis\/wp-content\/uploads\/sites\/11\/2022\/05\/WhatsApp-Image-2022-05-23-at-11.09.43.jpeg 1080w\" sizes=\"auto, (max-width: 800px) 100vw, 800px\" \/><\/p>\n<p style=\"text-align: justify;\">O ex-governador Anthony Garotinho comentou em uma live nas redes sociais sobre a nota publicada na coluna de Guilherme Amado, do Metr\u00f3poles, onde fala sobre &#8220;<strong><a href=\"https:\/\/www.metropoles.com\/colunas\/guilherme-amado\/os-movimentos-de-claudio-castro-e-cunha-contra-a-candidatura-de-garotinho\" target=\"_blank\" rel=\"noopener\">Os movimentos de Cl\u00e1udio Castro e Cunha contra a candidatura de Garotinho<\/a><\/strong>&#8220;.<\/p>\n<p style=\"text-align: justify;\">Segundo a coluna, &#8220;<em>Preocupado com a candidatura de Anthony Garotinho ao governo do Rio de Janeiro, o governador Cl\u00e1udio Castro pediu que o ex-presidente da C\u00e2mara preso pela Lava Jato, Eduardo Cunha, convencesse o presidente do Uni\u00e3o Brasil fluminense, o prefeito de Belford Roxo, Waguinho, a retirar a candidatura de Garotinho.<\/em><\/p>\n<p style=\"text-align: justify;\"><em>Castro chamou Waguinho para conversar no Pal\u00e1cio das Laranjeiras na \u00faltima quinta-feira (19\/5). Ao chegar \u00e0 resid\u00eancia do governador, o presidente do Uni\u00e3o Brasil do Rio se surpreendeu com a presen\u00e7a de Cunha na reuni\u00e3o.<\/em><\/p>\n<p style=\"text-align: justify;\"><em>Filiado ao PTB em S\u00e3o Paulo, mas tocando no Rio a candidatura da filha Danielle Cunha, \u00e0 C\u00e2mara dos Deputados pelo Uni\u00e3o Brasil, Cunha pediu que Waguinho n\u00e3o desse a legenda a Garotinho. Waguinho negou o pedido e afirmou que o partido ter\u00e1 um candidato ao governo no Rio.<\/em><\/p>\n<p style=\"text-align: justify;\"><em>Cunha vem aparecendo em agendas ao lado de Castro e tem influ\u00eancia no Uni\u00e3o Brasil. Waguinho alega, para lan\u00e7ar Garotinho, que acordos de nomea\u00e7\u00f5es de aliados n\u00e3o foram cumpridos.<\/em>&#8220;<\/p>\n<p style=\"text-align: justify;\">Na live, Garotinho chama Cl\u00e1udio Castro de &#8220;Novo Cabral&#8221; e diz ao governador para disputar a elei\u00e7\u00e3o no voto. Garotinho comentou que essas praticas usadas por S\u00e9rgio Cabral n\u00e3o v\u00e3o colar. O ex-governador tamb\u00e9m fala para Castro n\u00e3o ser covarde.<\/p>\n<p style=\"text-align: justify;\">Assista ao v\u00eddeo:<\/p>\n<p><iframe loading=\"lazy\" style=\"border: none; overflow: hidden;\" src=\"https:\/\/www.facebook.com\/plugins\/video.php?height=476&amp;href=https%3A%2F%2Fwww.facebook.com%2Fgarotinhooficial%2Fvideos%2F564196941742409%2F&amp;show_text=true&amp;width=267&amp;t=0\" width=\"267\" height=\"591\" frameborder=\"0\" scrolling=\"no\" allowfullscreen=\"allowfullscreen\"><\/iframe><\/p>\n","protected":false},"excerpt":{"rendered":"<p>O ex-governador Anthony Garotinho comentou em uma live nas redes sociais sobre a nota publicada na coluna de Guilherme Amado,&#8230;<\/p>\n","protected":false},"author":2,"featured_media":9376,"comment_status":"open","ping_status":"open","sticky":false,"template":"","format":"standard","meta":{"colormag_page_container_layout":"default_layout","colormag_page_sidebar_layout":"default_layout","jetpack_post_was_ever_published":false,"_jetpack_newsletter_access":"","_jetpack_dont_email_post_to_subs":false,"_jetpack_newsletter_tier_id":0,"_jetpack_memberships_contains_paywalled_content":false,"_jetpack_memberships_contains_paid_content":false,"footnotes":""},"categories":[2],"tags":[],"class_list":["post-9375","post","type-post","status-publish","format-standard","has-post-thumbnail","hentry","category-politica"],"jetpack_featured_media_url":"https:\/\/www.tribunanf.com.br\/blogdoralfereis\/wp-content\/uploads\/sites\/11\/2022\/05\/WhatsApp-Image-2022-05-23-at-11.09.43.jpeg","jetpack_sharing_enabled":true,"_links":{"self":[{"href":"https:\/\/www.tribunanf.com.br\/blogdoralfereis\/wp-json\/wp\/v2\/posts\/9375","targetHints":{"allow":["GET"]}}],"collection":[{"href":"https:\/\/www.tribunanf.com.br\/blogdoralfereis\/wp-json\/wp\/v2\/posts"}],"about":[{"href":"https:\/\/www.tribunanf.com.br\/blogdoralfereis\/wp-json\/wp\/v2\/types\/post"}],"author":[{"embeddable":true,"href":"https:\/\/www.tribunanf.com.br\/blogdoralfereis\/wp-json\/wp\/v2\/users\/2"}],"replies":[{"embeddable":true,"href":"https:\/\/www.tribunanf.com.br\/blogdoralfereis\/wp-json\/wp\/v2\/comments?post=9375"}],"version-history":[{"count":0,"href":"https:\/\/www.tribunanf.com.br\/blogdoralfereis\/wp-json\/wp\/v2\/posts\/9375\/revisions"}],"wp:featuredmedia":[{"embeddable":true,"href":"https:\/\/www.tribunanf.com.br\/blogdoralfereis\/wp-json\/wp\/v2\/media\/9376"}],"wp:attachment":[{"href":"https:\/\/www.tribunanf.com.br\/blogdoralfereis\/wp-json\/wp\/v2\/media?parent=9375"}],"wp:term":[{"taxonomy":"category","embeddable":true,"href":"https:\/\/www.tribunanf.com.br\/blogdoralfereis\/wp-json\/wp\/v2\/categories?post=9375"},{"taxonomy":"post_tag","embeddable":true,"href":"https:\/\/www.tribunanf.com.br\/blogdoralfereis\/wp-json\/wp\/v2\/tags?post=9375"}],"curies":[{"name":"wp","href":"https:\/\/api.w.org\/{rel}","templated":true}]}}