{"id":9366,"date":"2022-05-20T12:41:20","date_gmt":"2022-05-20T15:41:20","guid":{"rendered":"https:\/\/www.tribunanf.com.br\/blogdoralfereis\/?p=9366"},"modified":"2022-05-20T12:41:20","modified_gmt":"2022-05-20T15:41:20","slug":"gastanca-camara-de-campos-vai-torrar-quase-r-70-mil-com-desinfeccao-do-predio","status":"publish","type":"post","link":"https:\/\/www.tribunanf.com.br\/blogdoralfereis\/2022\/05\/20\/gastanca-camara-de-campos-vai-torrar-quase-r-70-mil-com-desinfeccao-do-predio\/","title":{"rendered":"Gastan\u00e7a: C\u00e2mara de Campos vai torrar quase R$ 70 mil com desinfec\u00e7\u00e3o do pr\u00e9dio"},"content":{"rendered":"<p><img loading=\"lazy\" decoding=\"async\" class=\"aligncenter size-large wp-image-125\" src=\"https:\/\/www.tribunanf.com.br\/blogdoralfereis\/wp-content\/uploads\/sites\/11\/2018\/06\/camaracampos-1024x768.jpg\" alt=\"\" width=\"800\" height=\"600\" \/><\/p>\n<p style=\"text-align: justify;\">O ainda presidente da C\u00e2mara Municipal de Campos dos Goytacazes, F\u00e1bio Ribeiro, publicou no Di\u00e1rio Oficial desta sexta-feira (20), a homologa\u00e7\u00e3o de carta convite para presta\u00e7\u00e3o de servi\u00e7os de desinfec\u00e7\u00e3o, o que compreende um processo de higieniza\u00e7\u00e3o e elimina\u00e7\u00e3o de agentes causadores de infec\u00e7\u00e3o nas \u00e1reas internas da C\u00e2mara.<\/p>\n<p style=\"text-align: justify;\">O valor do contrato \u00e9 de e R$ 68.040,00 (sessenta e oito mil e quarenta reais).<\/p>\n<p style=\"text-align: justify;\">Apesar de ser uma gastan\u00e7a, vez que poderia ser feita gratuitamente pelo CCZ, se faz necess\u00e1rio o servi\u00e7o.<\/p>\n<p style=\"text-align: justify;\">E pode come\u00e7ar pela presid\u00eancia, para que esteja tudo devidamente desinfectado no dia 1 de janeiro de 2023.<\/p>\n<p><img loading=\"lazy\" decoding=\"async\" class=\"aligncenter size-full wp-image-9367\" src=\"https:\/\/www.tribunanf.com.br\/blogdoralfereis\/wp-content\/uploads\/sites\/11\/2022\/05\/Sem-titulo-4.png\" alt=\"\" width=\"489\" height=\"341\" srcset=\"https:\/\/www.tribunanf.com.br\/blogdoralfereis\/wp-content\/uploads\/sites\/11\/2022\/05\/Sem-titulo-4.png 489w, https:\/\/www.tribunanf.com.br\/blogdoralfereis\/wp-content\/uploads\/sites\/11\/2022\/05\/Sem-titulo-4-300x209.png 300w, https:\/\/www.tribunanf.com.br\/blogdoralfereis\/wp-content\/uploads\/sites\/11\/2022\/05\/Sem-titulo-4-392x272.png 392w, https:\/\/www.tribunanf.com.br\/blogdoralfereis\/wp-content\/uploads\/sites\/11\/2022\/05\/Sem-titulo-4-130x90.png 130w\" sizes=\"auto, (max-width: 489px) 100vw, 489px\" \/><\/p>\n","protected":false},"excerpt":{"rendered":"<p>O ainda presidente da C\u00e2mara Municipal de Campos dos Goytacazes, F\u00e1bio Ribeiro, publicou no Di\u00e1rio Oficial desta sexta-feira (20), a&#8230;<\/p>\n","protected":false},"author":2,"featured_media":125,"comment_status":"open","ping_status":"open","sticky":false,"template":"","format":"standard","meta":{"colormag_page_container_layout":"default_layout","colormag_page_sidebar_layout":"default_layout","jetpack_post_was_ever_published":false,"_jetpack_newsletter_access":"","_jetpack_dont_email_post_to_subs":false,"_jetpack_newsletter_tier_id":0,"_jetpack_memberships_contains_paywalled_content":false,"_jetpack_memberships_contains_paid_content":false,"footnotes":""},"categories":[2],"tags":[],"class_list":["post-9366","post","type-post","status-publish","format-standard","has-post-thumbnail","hentry","category-politica"],"jetpack_featured_media_url":"https:\/\/www.tribunanf.com.br\/blogdoralfereis\/wp-content\/uploads\/sites\/11\/2018\/06\/camaracampos-e1619128893886.jpg","jetpack_sharing_enabled":true,"_links":{"self":[{"href":"https:\/\/www.tribunanf.com.br\/blogdoralfereis\/wp-json\/wp\/v2\/posts\/9366","targetHints":{"allow":["GET"]}}],"collection":[{"href":"https:\/\/www.tribunanf.com.br\/blogdoralfereis\/wp-json\/wp\/v2\/posts"}],"about":[{"href":"https:\/\/www.tribunanf.com.br\/blogdoralfereis\/wp-json\/wp\/v2\/types\/post"}],"author":[{"embeddable":true,"href":"https:\/\/www.tribunanf.com.br\/blogdoralfereis\/wp-json\/wp\/v2\/users\/2"}],"replies":[{"embeddable":true,"href":"https:\/\/www.tribunanf.com.br\/blogdoralfereis\/wp-json\/wp\/v2\/comments?post=9366"}],"version-history":[{"count":0,"href":"https:\/\/www.tribunanf.com.br\/blogdoralfereis\/wp-json\/wp\/v2\/posts\/9366\/revisions"}],"wp:featuredmedia":[{"embeddable":true,"href":"https:\/\/www.tribunanf.com.br\/blogdoralfereis\/wp-json\/wp\/v2\/media\/125"}],"wp:attachment":[{"href":"https:\/\/www.tribunanf.com.br\/blogdoralfereis\/wp-json\/wp\/v2\/media?parent=9366"}],"wp:term":[{"taxonomy":"category","embeddable":true,"href":"https:\/\/www.tribunanf.com.br\/blogdoralfereis\/wp-json\/wp\/v2\/categories?post=9366"},{"taxonomy":"post_tag","embeddable":true,"href":"https:\/\/www.tribunanf.com.br\/blogdoralfereis\/wp-json\/wp\/v2\/tags?post=9366"}],"curies":[{"name":"wp","href":"https:\/\/api.w.org\/{rel}","templated":true}]}}