{"id":9321,"date":"2022-05-16T10:00:15","date_gmt":"2022-05-16T13:00:15","guid":{"rendered":"https:\/\/www.tribunanf.com.br\/blogdoralfereis\/?p=9321"},"modified":"2022-05-16T10:00:15","modified_gmt":"2022-05-16T13:00:15","slug":"gerp-registra-nova-pesquisa-para-o-governo-do-rio-de-janeiro","status":"publish","type":"post","link":"https:\/\/www.tribunanf.com.br\/blogdoralfereis\/2022\/05\/16\/gerp-registra-nova-pesquisa-para-o-governo-do-rio-de-janeiro\/","title":{"rendered":"Gerp registra nova pesquisa para o governo do Rio de Janeiro"},"content":{"rendered":"<p><img loading=\"lazy\" decoding=\"async\" class=\"aligncenter size-full wp-image-4584\" src=\"https:\/\/www.tribunanf.com.br\/blogdoralfereis\/wp-content\/uploads\/sites\/11\/2020\/07\/palacio_guanabara.jpg\" alt=\"\" width=\"1008\" height=\"567\" srcset=\"https:\/\/www.tribunanf.com.br\/blogdoralfereis\/wp-content\/uploads\/sites\/11\/2020\/07\/palacio_guanabara.jpg 1008w, https:\/\/www.tribunanf.com.br\/blogdoralfereis\/wp-content\/uploads\/sites\/11\/2020\/07\/palacio_guanabara-300x169.jpg 300w, https:\/\/www.tribunanf.com.br\/blogdoralfereis\/wp-content\/uploads\/sites\/11\/2020\/07\/palacio_guanabara-768x432.jpg 768w\" sizes=\"auto, (max-width: 1008px) 100vw, 1008px\" \/><\/p>\n<p style=\"text-align: justify;\">O instituto Gerp registrou uma nova pesquisa eleitoral para senador e governador do Rio de Janeiro.<\/p>\n<p style=\"text-align: justify;\">O levantamento inicia hoje, onde ser\u00e3o entrevistados 1020 eleitores, e tem previs\u00e3o de divulga\u00e7\u00e3o do resultado para sexta-feira (20).<\/p>\n<p style=\"text-align: justify;\">Um detalhe no question\u00e1rio \u00e9 que os nomes dos pr\u00e9-candidatos n\u00e3o est\u00e3o em ordem alfab\u00e9tica.<\/p>\n<p style=\"text-align: justify;\">Uma outra pesquisa, do instituto Quaest, tem previs\u00e3o de divulga\u00e7\u00e3o para esta ter\u00e7a-feira (<strong><a href=\"https:\/\/www.tribunanf.com.br\/blogdoralfereis\/2022\/05\/12\/banco-genial-contrata-quaest-para-pesquisa-eleitoral-no-estado-do-rio-de-janeiro\/\">Banco Genial contrata Quaest para pesquisa eleitoral no estado do Rio de Janeiro<\/a><\/strong>).<\/p>\n<p style=\"text-align: justify;\"><strong>Confira o question\u00e1rio pesquisa: <a href=\"https:\/\/www.tribunanf.com.br\/blogdoralfereis\/wp-content\/uploads\/sites\/11\/2022\/05\/Gerp-2.pdf\">Gerp 2<\/a><\/strong><\/p>\n","protected":false},"excerpt":{"rendered":"<p>O instituto Gerp registrou uma nova pesquisa eleitoral para senador e governador do Rio de Janeiro. O levantamento inicia hoje,&#8230;<\/p>\n","protected":false},"author":2,"featured_media":4584,"comment_status":"open","ping_status":"open","sticky":false,"template":"","format":"standard","meta":{"colormag_page_container_layout":"default_layout","colormag_page_sidebar_layout":"default_layout","jetpack_post_was_ever_published":false,"_jetpack_newsletter_access":"","_jetpack_dont_email_post_to_subs":false,"_jetpack_newsletter_tier_id":0,"_jetpack_memberships_contains_paywalled_content":false,"_jetpack_memberships_contains_paid_content":false,"footnotes":""},"categories":[2],"tags":[],"class_list":["post-9321","post","type-post","status-publish","format-standard","has-post-thumbnail","hentry","category-politica"],"jetpack_featured_media_url":"https:\/\/www.tribunanf.com.br\/blogdoralfereis\/wp-content\/uploads\/sites\/11\/2020\/07\/palacio_guanabara.jpg","jetpack_sharing_enabled":true,"_links":{"self":[{"href":"https:\/\/www.tribunanf.com.br\/blogdoralfereis\/wp-json\/wp\/v2\/posts\/9321","targetHints":{"allow":["GET"]}}],"collection":[{"href":"https:\/\/www.tribunanf.com.br\/blogdoralfereis\/wp-json\/wp\/v2\/posts"}],"about":[{"href":"https:\/\/www.tribunanf.com.br\/blogdoralfereis\/wp-json\/wp\/v2\/types\/post"}],"author":[{"embeddable":true,"href":"https:\/\/www.tribunanf.com.br\/blogdoralfereis\/wp-json\/wp\/v2\/users\/2"}],"replies":[{"embeddable":true,"href":"https:\/\/www.tribunanf.com.br\/blogdoralfereis\/wp-json\/wp\/v2\/comments?post=9321"}],"version-history":[{"count":0,"href":"https:\/\/www.tribunanf.com.br\/blogdoralfereis\/wp-json\/wp\/v2\/posts\/9321\/revisions"}],"wp:featuredmedia":[{"embeddable":true,"href":"https:\/\/www.tribunanf.com.br\/blogdoralfereis\/wp-json\/wp\/v2\/media\/4584"}],"wp:attachment":[{"href":"https:\/\/www.tribunanf.com.br\/blogdoralfereis\/wp-json\/wp\/v2\/media?parent=9321"}],"wp:term":[{"taxonomy":"category","embeddable":true,"href":"https:\/\/www.tribunanf.com.br\/blogdoralfereis\/wp-json\/wp\/v2\/categories?post=9321"},{"taxonomy":"post_tag","embeddable":true,"href":"https:\/\/www.tribunanf.com.br\/blogdoralfereis\/wp-json\/wp\/v2\/tags?post=9321"}],"curies":[{"name":"wp","href":"https:\/\/api.w.org\/{rel}","templated":true}]}}