{"id":932,"date":"2018-10-02T18:57:09","date_gmt":"2018-10-02T21:57:09","guid":{"rendered":"http:\/\/www.tribunanf.com.br\/blogdoralfereis\/?p=932"},"modified":"2018-10-02T18:57:09","modified_gmt":"2018-10-02T21:57:09","slug":"governo-rafael-diniz-anuncia-pagamento-atrasado-de-rpas-para-vespera-da-eleicao","status":"publish","type":"post","link":"https:\/\/www.tribunanf.com.br\/blogdoralfereis\/2018\/10\/02\/governo-rafael-diniz-anuncia-pagamento-atrasado-de-rpas-para-vespera-da-eleicao\/","title":{"rendered":"Governo Rafael Diniz anuncia pagamento atrasado de RPAs para v\u00e9spera da elei\u00e7\u00e3o"},"content":{"rendered":"<p><img loading=\"lazy\" decoding=\"async\" class=\"aligncenter size-full wp-image-115\" src=\"http:\/\/www.tribunanf.com.br\/blogdoralfereis\/wp-content\/uploads\/sites\/11\/2018\/06\/rafael-diniz-prefeito.jpg\" alt=\"\" width=\"738\" height=\"490\" srcset=\"https:\/\/www.tribunanf.com.br\/blogdoralfereis\/wp-content\/uploads\/sites\/11\/2018\/06\/rafael-diniz-prefeito.jpg 738w, https:\/\/www.tribunanf.com.br\/blogdoralfereis\/wp-content\/uploads\/sites\/11\/2018\/06\/rafael-diniz-prefeito-300x199.jpg 300w\" sizes=\"auto, (max-width: 738px) 100vw, 738px\" \/><\/p>\n<p style=\"text-align: justify;\">O governo Rafael Diniz anunciou o pagamento atrasado dos contratados por Recibo de Pagamento Aut\u00f4nomo para sexta-feira (5), v\u00e9spera da elei\u00e7\u00e3o. O governo n\u00e3o informou sobre qual m\u00eas de trabalho ser\u00e1 depositado, mas sabe-se que os contratados est\u00e3o com pagamento atrasado.<\/p>\n<p style=\"text-align: justify;\">No mesmo dia Rafael Diniz vai fazer a alegria dos cargos comissionados, os famosos DAS, que tamb\u00e9m ir\u00e3o receber.<\/p>\n","protected":false},"excerpt":{"rendered":"<p>O governo Rafael Diniz anunciou o pagamento atrasado dos contratados por Recibo de Pagamento Aut\u00f4nomo para sexta-feira (5), v\u00e9spera da&#8230;<\/p>\n","protected":false},"author":2,"featured_media":115,"comment_status":"open","ping_status":"open","sticky":false,"template":"","format":"standard","meta":{"colormag_page_container_layout":"default_layout","colormag_page_sidebar_layout":"default_layout","jetpack_post_was_ever_published":false,"_jetpack_newsletter_access":"","_jetpack_dont_email_post_to_subs":false,"_jetpack_newsletter_tier_id":0,"_jetpack_memberships_contains_paywalled_content":false,"_jetpack_memberships_contains_paid_content":false,"footnotes":""},"categories":[2],"tags":[],"class_list":["post-932","post","type-post","status-publish","format-standard","has-post-thumbnail","hentry","category-politica"],"jetpack_featured_media_url":"https:\/\/www.tribunanf.com.br\/blogdoralfereis\/wp-content\/uploads\/sites\/11\/2018\/06\/rafael-diniz-prefeito.jpg","jetpack_sharing_enabled":true,"_links":{"self":[{"href":"https:\/\/www.tribunanf.com.br\/blogdoralfereis\/wp-json\/wp\/v2\/posts\/932","targetHints":{"allow":["GET"]}}],"collection":[{"href":"https:\/\/www.tribunanf.com.br\/blogdoralfereis\/wp-json\/wp\/v2\/posts"}],"about":[{"href":"https:\/\/www.tribunanf.com.br\/blogdoralfereis\/wp-json\/wp\/v2\/types\/post"}],"author":[{"embeddable":true,"href":"https:\/\/www.tribunanf.com.br\/blogdoralfereis\/wp-json\/wp\/v2\/users\/2"}],"replies":[{"embeddable":true,"href":"https:\/\/www.tribunanf.com.br\/blogdoralfereis\/wp-json\/wp\/v2\/comments?post=932"}],"version-history":[{"count":0,"href":"https:\/\/www.tribunanf.com.br\/blogdoralfereis\/wp-json\/wp\/v2\/posts\/932\/revisions"}],"wp:featuredmedia":[{"embeddable":true,"href":"https:\/\/www.tribunanf.com.br\/blogdoralfereis\/wp-json\/wp\/v2\/media\/115"}],"wp:attachment":[{"href":"https:\/\/www.tribunanf.com.br\/blogdoralfereis\/wp-json\/wp\/v2\/media?parent=932"}],"wp:term":[{"taxonomy":"category","embeddable":true,"href":"https:\/\/www.tribunanf.com.br\/blogdoralfereis\/wp-json\/wp\/v2\/categories?post=932"},{"taxonomy":"post_tag","embeddable":true,"href":"https:\/\/www.tribunanf.com.br\/blogdoralfereis\/wp-json\/wp\/v2\/tags?post=932"}],"curies":[{"name":"wp","href":"https:\/\/api.w.org\/{rel}","templated":true}]}}