{"id":928,"date":"2018-09-30T14:47:17","date_gmt":"2018-09-30T17:47:17","guid":{"rendered":"http:\/\/www.tribunanf.com.br\/blogdoralfereis\/?p=928"},"modified":"2018-09-30T14:47:17","modified_gmt":"2018-09-30T17:47:17","slug":"tre-mantem-no-ar-propaganda-que-diz-o-pt-quer-eleger-haddad-e-paes-para-lula-e-cabral-continuarem-mandando-de-dentro-da-cadeia","status":"publish","type":"post","link":"https:\/\/www.tribunanf.com.br\/blogdoralfereis\/2018\/09\/30\/tre-mantem-no-ar-propaganda-que-diz-o-pt-quer-eleger-haddad-e-paes-para-lula-e-cabral-continuarem-mandando-de-dentro-da-cadeia\/","title":{"rendered":"TRE mant\u00e9m no ar propaganda que diz &#8220;O PT quer eleger Haddad e Paes para Lula e Cabral continuarem mandando de dentro da cadeia&#8221;"},"content":{"rendered":"<p><img loading=\"lazy\" decoding=\"async\" class=\"aligncenter size-full wp-image-821\" src=\"http:\/\/www.tribunanf.com.br\/blogdoralfereis\/wp-content\/uploads\/sites\/11\/2018\/09\/eduardo-paes.jpg\" alt=\"\" width=\"615\" height=\"300\" srcset=\"https:\/\/www.tribunanf.com.br\/blogdoralfereis\/wp-content\/uploads\/sites\/11\/2018\/09\/eduardo-paes.jpg 615w, https:\/\/www.tribunanf.com.br\/blogdoralfereis\/wp-content\/uploads\/sites\/11\/2018\/09\/eduardo-paes-300x146.jpg 300w\" sizes=\"auto, (max-width: 615px) 100vw, 615px\" \/><\/p>\n<p style=\"text-align: justify;\">O desembargador Nagib Slaibi Filho, do Tribunal Regional Eleitoral, negou um pedido de liminar em representa\u00e7\u00e3o proposta pelo candidato e ex-prefeito Eduardo Paes contra o candidato \u00cdndio da Costa.<\/p>\n<p style=\"text-align: justify;\">Paes pediu para retirar do ar a propaganda de \u00cdndio que diz: &#8220;Nossas fam\u00edlias precisam de seguran\u00e7a; o Brasil e o Rio de Janeiro n\u00e3o podem ser governados pelo crime. O PT quer eleger Haddad e Paes para Lula e Cabral continuarem mandando de dentro da cadeia. Chega de PT e da turma do Cabral. Vamos limpar o Brasil e o Rio de Janeiro. Empurra essa onda e vamos \u00e0 vit\u00f3ria.&#8221;<\/p>\n<p style=\"text-align: justify;\">Em sua decis\u00e3o negando a liminar o desembargador citou o julgado que diz &#8220;rememorar fatos da hist\u00f3ria de pol\u00edticos n\u00e3o constitui ofensa a ensejar direito de resposta.&#8221;.<\/p>\n<p style=\"text-align: justify;\">O m\u00e9rito da a\u00e7\u00e3o ser\u00e1 julgado ap\u00f3s a cita\u00e7\u00e3o dos representados.<\/p>\n<p style=\"text-align: justify;\">Confira a decis\u00e3o:<\/p>\n<p><img loading=\"lazy\" decoding=\"async\" class=\"aligncenter size-full wp-image-929\" src=\"http:\/\/www.tribunanf.com.br\/blogdoralfereis\/wp-content\/uploads\/sites\/11\/2018\/09\/0001-63.jpg\" alt=\"\" width=\"2480\" height=\"3509\" srcset=\"https:\/\/www.tribunanf.com.br\/blogdoralfereis\/wp-content\/uploads\/sites\/11\/2018\/09\/0001-63.jpg 2480w, https:\/\/www.tribunanf.com.br\/blogdoralfereis\/wp-content\/uploads\/sites\/11\/2018\/09\/0001-63-212x300.jpg 212w, https:\/\/www.tribunanf.com.br\/blogdoralfereis\/wp-content\/uploads\/sites\/11\/2018\/09\/0001-63-768x1087.jpg 768w, https:\/\/www.tribunanf.com.br\/blogdoralfereis\/wp-content\/uploads\/sites\/11\/2018\/09\/0001-63-724x1024.jpg 724w\" sizes=\"auto, (max-width: 2480px) 100vw, 2480px\" \/> <img loading=\"lazy\" decoding=\"async\" class=\"aligncenter size-full wp-image-930\" src=\"http:\/\/www.tribunanf.com.br\/blogdoralfereis\/wp-content\/uploads\/sites\/11\/2018\/09\/0002-54.jpg\" alt=\"\" width=\"2480\" height=\"3509\" srcset=\"https:\/\/www.tribunanf.com.br\/blogdoralfereis\/wp-content\/uploads\/sites\/11\/2018\/09\/0002-54.jpg 2480w, https:\/\/www.tribunanf.com.br\/blogdoralfereis\/wp-content\/uploads\/sites\/11\/2018\/09\/0002-54-212x300.jpg 212w, https:\/\/www.tribunanf.com.br\/blogdoralfereis\/wp-content\/uploads\/sites\/11\/2018\/09\/0002-54-768x1087.jpg 768w, https:\/\/www.tribunanf.com.br\/blogdoralfereis\/wp-content\/uploads\/sites\/11\/2018\/09\/0002-54-724x1024.jpg 724w\" sizes=\"auto, (max-width: 2480px) 100vw, 2480px\" \/><\/p>\n","protected":false},"excerpt":{"rendered":"<p>O desembargador Nagib Slaibi Filho, do Tribunal Regional Eleitoral, negou um pedido de liminar em representa\u00e7\u00e3o proposta pelo candidato e&#8230;<\/p>\n","protected":false},"author":2,"featured_media":821,"comment_status":"open","ping_status":"open","sticky":false,"template":"","format":"standard","meta":{"colormag_page_container_layout":"default_layout","colormag_page_sidebar_layout":"default_layout","jetpack_post_was_ever_published":false,"_jetpack_newsletter_access":"","_jetpack_dont_email_post_to_subs":false,"_jetpack_newsletter_tier_id":0,"_jetpack_memberships_contains_paywalled_content":false,"_jetpack_memberships_contains_paid_content":false,"footnotes":""},"categories":[2],"tags":[],"class_list":["post-928","post","type-post","status-publish","format-standard","has-post-thumbnail","hentry","category-politica"],"jetpack_featured_media_url":"https:\/\/www.tribunanf.com.br\/blogdoralfereis\/wp-content\/uploads\/sites\/11\/2018\/09\/eduardo-paes.jpg","jetpack_sharing_enabled":true,"_links":{"self":[{"href":"https:\/\/www.tribunanf.com.br\/blogdoralfereis\/wp-json\/wp\/v2\/posts\/928","targetHints":{"allow":["GET"]}}],"collection":[{"href":"https:\/\/www.tribunanf.com.br\/blogdoralfereis\/wp-json\/wp\/v2\/posts"}],"about":[{"href":"https:\/\/www.tribunanf.com.br\/blogdoralfereis\/wp-json\/wp\/v2\/types\/post"}],"author":[{"embeddable":true,"href":"https:\/\/www.tribunanf.com.br\/blogdoralfereis\/wp-json\/wp\/v2\/users\/2"}],"replies":[{"embeddable":true,"href":"https:\/\/www.tribunanf.com.br\/blogdoralfereis\/wp-json\/wp\/v2\/comments?post=928"}],"version-history":[{"count":0,"href":"https:\/\/www.tribunanf.com.br\/blogdoralfereis\/wp-json\/wp\/v2\/posts\/928\/revisions"}],"wp:featuredmedia":[{"embeddable":true,"href":"https:\/\/www.tribunanf.com.br\/blogdoralfereis\/wp-json\/wp\/v2\/media\/821"}],"wp:attachment":[{"href":"https:\/\/www.tribunanf.com.br\/blogdoralfereis\/wp-json\/wp\/v2\/media?parent=928"}],"wp:term":[{"taxonomy":"category","embeddable":true,"href":"https:\/\/www.tribunanf.com.br\/blogdoralfereis\/wp-json\/wp\/v2\/categories?post=928"},{"taxonomy":"post_tag","embeddable":true,"href":"https:\/\/www.tribunanf.com.br\/blogdoralfereis\/wp-json\/wp\/v2\/tags?post=928"}],"curies":[{"name":"wp","href":"https:\/\/api.w.org\/{rel}","templated":true}]}}