{"id":9242,"date":"2022-05-03T16:50:02","date_gmt":"2022-05-03T19:50:02","guid":{"rendered":"https:\/\/www.tribunanf.com.br\/blogdoralfereis\/?p=9242"},"modified":"2022-05-03T16:50:02","modified_gmt":"2022-05-03T19:50:02","slug":"software-israelense-sera-utilizado-nos-desdobramentos-da-operacao-dama-de-espadas-ocorrida-em-quissama","status":"publish","type":"post","link":"https:\/\/www.tribunanf.com.br\/blogdoralfereis\/2022\/05\/03\/software-israelense-sera-utilizado-nos-desdobramentos-da-operacao-dama-de-espadas-ocorrida-em-quissama\/","title":{"rendered":"Software Israelense ser\u00e1 utilizado nos desdobramentos da Opera\u00e7\u00e3o &#8216;Dama de Espadas&#8217; ocorrida em Quissam\u00e3"},"content":{"rendered":"<p><img loading=\"lazy\" decoding=\"async\" class=\"aligncenter size-large wp-image-9243\" src=\"https:\/\/www.tribunanf.com.br\/blogdoralfereis\/wp-content\/uploads\/sites\/11\/2022\/05\/275834281_2115816788585317_4847587778818816104_n_Easy-Resize.com_-1024x768.jpg\" alt=\"\" width=\"800\" height=\"600\" srcset=\"https:\/\/www.tribunanf.com.br\/blogdoralfereis\/wp-content\/uploads\/sites\/11\/2022\/05\/275834281_2115816788585317_4847587778818816104_n_Easy-Resize.com_-1024x768.jpg 1024w, https:\/\/www.tribunanf.com.br\/blogdoralfereis\/wp-content\/uploads\/sites\/11\/2022\/05\/275834281_2115816788585317_4847587778818816104_n_Easy-Resize.com_-300x225.jpg 300w, https:\/\/www.tribunanf.com.br\/blogdoralfereis\/wp-content\/uploads\/sites\/11\/2022\/05\/275834281_2115816788585317_4847587778818816104_n_Easy-Resize.com_-768x576.jpg 768w, https:\/\/www.tribunanf.com.br\/blogdoralfereis\/wp-content\/uploads\/sites\/11\/2022\/05\/275834281_2115816788585317_4847587778818816104_n_Easy-Resize.com_.jpg 1280w\" sizes=\"auto, (max-width: 800px) 100vw, 800px\" \/><\/p>\n<p style=\"text-align: justify;\">A opera\u00e7\u00e3o &#8216;<strong><a href=\"https:\/\/www.tribunanf.com.br\/policia-civil-e-mprj-deflagram-operacao-damas-de-espada-e-fazem-busca-e-apreensao-na-camara-de-quissama-e-na-casa-da-prefeita-fatima-pacheco\/\">Dama de Espadas&#8217;, ocorrida em mar\u00e7o contra a prefeita de Quissam\u00e3 F\u00e1tima Pacheco<\/a><\/strong>, pode ter desdobramentos a depender do que for recuperado nos aparelhos apreendidos durante a opera\u00e7\u00e3o.<\/p>\n<p style=\"text-align: justify;\">Naquela ocasi\u00e3o, pouco se sabia de quem estava envolvido na opera\u00e7\u00e3o devido ao alto sigilo determinado pelo relator do caso.<\/p>\n<p style=\"text-align: justify;\">O blog teve acesso a decis\u00e3o ap\u00f3s a retirada do sigilo.<\/p>\n<p style=\"text-align: justify;\">Na decis\u00e3o do desembargador Jo\u00e3o Ziraldo, da 2\u00aa C\u00e2mara Criminal, onde tramita a investiga\u00e7\u00e3o, o magistrado determinou a utiliza\u00e7\u00e3o do Software Israelense <strong>Cellebrite Premium<\/strong>, adquirido recentemente pela Pol\u00edcia Civil do Rio.<\/p>\n<p style=\"text-align: justify;\">O software \u00e9 capaz de recuperar mensagens ou imagens apagadas em qualquer dispositivo eletr\u00f4nico, independente do tempo que foi apagado.<\/p>\n<p style=\"text-align: justify;\">Na decis\u00e3o, \u00e9 determinada a recupera\u00e7\u00e3o de arquivos relacionado a investiga\u00e7\u00e3o do per\u00edodo de 2017 at\u00e9 o momento.<\/p>\n<p style=\"text-align: justify;\"><em>&#8220;No desempenho dessa atividade, poder\u00e3o as autoridades acessar dados contidos em pendrives, tablets, hard disk (disco r\u00edgido de computador), CD-ROM, DVD, aparelhos de telefonia celular, e similares, tais como Whatsapp, Telegram, Facebook, Instagram, SMS etc, bem como os arquivos de computador, como, por exemplo, os de extens\u00e3o \u201c.xlxs\u201d, \u201c.docx\u201d, \u201c.mpg\u201d, \u201c.jpg\u201d, \u201c.mov\u201d, \u201c.mp4\u201d, \u201c.avi\u201d, al\u00e9m dos armazenados em icloud ou ferramentas a ele semelhantes, al\u00e9m de quaisquer e-mails identificados &#8211; pessoais, funcionais, corporativos &#8211; ligados aos investigados. <strong>Fica autorizado o pr\u00e9vio acesso aos dados pelo CSI\/MPRJ com utiliza\u00e7\u00e3o do programa referido na inicial \u2013 cellebrite -,<\/strong> at\u00e9 para que seja analisado o que, efetivamente, dever\u00e1 ser encaminhado para o ICCE\/RJ para per\u00edcia, ora advertido o Parquet que todas as provid\u00eancias para o correto armazenamento, garantia de inviolabilidade de dados \u2013 \u00e0 exce\u00e7\u00e3o da ora afastada &#8211; e posterior envio ser\u00e3o \u00e0s suas expensas e inteira responsabilidade.&#8221;, <\/em>decidiu o desembargador.<\/p>\n<p style=\"text-align: justify;\">A prop\u00f3sito, entre os alvos tem pelo menos dois campistas bem encrencados.<\/p>\n","protected":false},"excerpt":{"rendered":"<p>A opera\u00e7\u00e3o &#8216;Dama de Espadas&#8217;, ocorrida em mar\u00e7o contra a prefeita de Quissam\u00e3 F\u00e1tima Pacheco, pode ter desdobramentos a depender&#8230;<\/p>\n","protected":false},"author":2,"featured_media":9243,"comment_status":"open","ping_status":"open","sticky":false,"template":"","format":"standard","meta":{"colormag_page_container_layout":"default_layout","colormag_page_sidebar_layout":"default_layout","jetpack_post_was_ever_published":false,"_jetpack_newsletter_access":"","_jetpack_dont_email_post_to_subs":false,"_jetpack_newsletter_tier_id":0,"_jetpack_memberships_contains_paywalled_content":false,"_jetpack_memberships_contains_paid_content":false,"footnotes":""},"categories":[2],"tags":[],"class_list":["post-9242","post","type-post","status-publish","format-standard","has-post-thumbnail","hentry","category-politica"],"jetpack_featured_media_url":"https:\/\/www.tribunanf.com.br\/blogdoralfereis\/wp-content\/uploads\/sites\/11\/2022\/05\/275834281_2115816788585317_4847587778818816104_n_Easy-Resize.com_.jpg","jetpack_sharing_enabled":true,"_links":{"self":[{"href":"https:\/\/www.tribunanf.com.br\/blogdoralfereis\/wp-json\/wp\/v2\/posts\/9242","targetHints":{"allow":["GET"]}}],"collection":[{"href":"https:\/\/www.tribunanf.com.br\/blogdoralfereis\/wp-json\/wp\/v2\/posts"}],"about":[{"href":"https:\/\/www.tribunanf.com.br\/blogdoralfereis\/wp-json\/wp\/v2\/types\/post"}],"author":[{"embeddable":true,"href":"https:\/\/www.tribunanf.com.br\/blogdoralfereis\/wp-json\/wp\/v2\/users\/2"}],"replies":[{"embeddable":true,"href":"https:\/\/www.tribunanf.com.br\/blogdoralfereis\/wp-json\/wp\/v2\/comments?post=9242"}],"version-history":[{"count":0,"href":"https:\/\/www.tribunanf.com.br\/blogdoralfereis\/wp-json\/wp\/v2\/posts\/9242\/revisions"}],"wp:featuredmedia":[{"embeddable":true,"href":"https:\/\/www.tribunanf.com.br\/blogdoralfereis\/wp-json\/wp\/v2\/media\/9243"}],"wp:attachment":[{"href":"https:\/\/www.tribunanf.com.br\/blogdoralfereis\/wp-json\/wp\/v2\/media?parent=9242"}],"wp:term":[{"taxonomy":"category","embeddable":true,"href":"https:\/\/www.tribunanf.com.br\/blogdoralfereis\/wp-json\/wp\/v2\/categories?post=9242"},{"taxonomy":"post_tag","embeddable":true,"href":"https:\/\/www.tribunanf.com.br\/blogdoralfereis\/wp-json\/wp\/v2\/tags?post=9242"}],"curies":[{"name":"wp","href":"https:\/\/api.w.org\/{rel}","templated":true}]}}