{"id":9218,"date":"2022-04-29T18:21:01","date_gmt":"2022-04-29T21:21:01","guid":{"rendered":"https:\/\/www.tribunanf.com.br\/blogdoralfereis\/?p=9218"},"modified":"2022-04-29T18:21:01","modified_gmt":"2022-04-29T21:21:01","slug":"quem-colocar-em-duvida-a-eleicao-sera-combatido-com-a-forca-da-lei-diz-alexandre-de-moraes","status":"publish","type":"post","link":"https:\/\/www.tribunanf.com.br\/blogdoralfereis\/2022\/04\/29\/quem-colocar-em-duvida-a-eleicao-sera-combatido-com-a-forca-da-lei-diz-alexandre-de-moraes\/","title":{"rendered":"Quem colocar em d\u00favida a elei\u00e7\u00e3o ser\u00e1 combatido &#8216;com a for\u00e7a da lei&#8217;, diz Alexandre de Moraes"},"content":{"rendered":"<p><img loading=\"lazy\" decoding=\"async\" class=\"aligncenter size-large wp-image-9219\" src=\"https:\/\/www.tribunanf.com.br\/blogdoralfereis\/wp-content\/uploads\/sites\/11\/2022\/04\/whatsapp-image-2022-04-29-at-14.56.50-1_Easy-Resize.com_-1024x574.jpg\" alt=\"\" width=\"800\" height=\"448\" srcset=\"https:\/\/www.tribunanf.com.br\/blogdoralfereis\/wp-content\/uploads\/sites\/11\/2022\/04\/whatsapp-image-2022-04-29-at-14.56.50-1_Easy-Resize.com_-1024x574.jpg 1024w, https:\/\/www.tribunanf.com.br\/blogdoralfereis\/wp-content\/uploads\/sites\/11\/2022\/04\/whatsapp-image-2022-04-29-at-14.56.50-1_Easy-Resize.com_-300x168.jpg 300w, https:\/\/www.tribunanf.com.br\/blogdoralfereis\/wp-content\/uploads\/sites\/11\/2022\/04\/whatsapp-image-2022-04-29-at-14.56.50-1_Easy-Resize.com_-768x430.jpg 768w, https:\/\/www.tribunanf.com.br\/blogdoralfereis\/wp-content\/uploads\/sites\/11\/2022\/04\/whatsapp-image-2022-04-29-at-14.56.50-1_Easy-Resize.com_.jpg 1280w\" sizes=\"auto, (max-width: 800px) 100vw, 800px\" \/><\/p>\n<p style=\"text-align: justify;\">O ministro do Supremo Tribunal Federal (STF) e vice-presidente do Tribunal Superior Eleitoral (TSE), Alexandre de Moraes, afirmou nesta sexta-feira (29) que aqueles que colocarem em d\u00favida as elei\u00e7\u00f5es desse ano &#8220;ser\u00e3o combatidos com a for\u00e7a da Constitui\u00e7\u00e3o&#8221;.<\/p>\n<p style=\"text-align: justify;\">&#8220;Aqueles que pretenderem, de qualquer forma, colocar em d\u00favida o pleito eleitoral, atacar a democracia, ser\u00e3o combatidos com a for\u00e7a da Constitui\u00e7\u00e3o, com a for\u00e7a da lei, com a independ\u00eancia da autonomia do poder judici\u00e1rio&#8221;, afirmou Moraes.<\/p>\n<p style=\"text-align: justify;\">Moraes assume a presid\u00eancia do TSE em agosto.<\/p>\n<p style=\"text-align: justify;\">&#8220;N\u00f3s n\u00e3o vamos aceitar desinforma\u00e7\u00e3o. N\u00e3o vamos aceitar a atua\u00e7\u00e3o de mil\u00edcias digitais nas elei\u00e7\u00f5es de 2022. N\u00f3s n\u00e3o iremos aceitar fake news, n\u00e3o iremos aceitar not\u00edcias fraudulentas sobre supostas fraudes. N\u00f3s vamos de forma transparente, r\u00edgida e segura mostrar que a popula\u00e7\u00e3o pode e deve acreditar nas urnas eletr\u00f4nicas&#8221;, comentou o ministro.<\/p>\n<p>Leia tamb\u00e9m:\u00a0<a title=\"Alexandre de Moraes: \u2018Rede social ser\u00e1 considerada, na elei\u00e7\u00e3o de 2022, meio de comunica\u00e7\u00e3o\u2019\" href=\"https:\/\/www.tribunanf.com.br\/alexandre-de-moraes-rede-social-sera-considerada-na-eleicao-de-2022-meio-de-comunicacao\/\">Alexandre de Moraes: \u2018Rede social ser\u00e1 considerada, na elei\u00e7\u00e3o de 2022, meio de comunica\u00e7\u00e3o\u2019<\/a><\/p>\n","protected":false},"excerpt":{"rendered":"<p>O ministro do Supremo Tribunal Federal (STF) e vice-presidente do Tribunal Superior Eleitoral (TSE), Alexandre de Moraes, afirmou nesta sexta-feira&#8230;<\/p>\n","protected":false},"author":2,"featured_media":9219,"comment_status":"open","ping_status":"open","sticky":false,"template":"","format":"standard","meta":{"colormag_page_container_layout":"default_layout","colormag_page_sidebar_layout":"default_layout","jetpack_post_was_ever_published":false,"_jetpack_newsletter_access":"","_jetpack_dont_email_post_to_subs":false,"_jetpack_newsletter_tier_id":0,"_jetpack_memberships_contains_paywalled_content":false,"_jetpack_memberships_contains_paid_content":false,"footnotes":""},"categories":[2],"tags":[],"class_list":["post-9218","post","type-post","status-publish","format-standard","has-post-thumbnail","hentry","category-politica"],"jetpack_featured_media_url":"https:\/\/www.tribunanf.com.br\/blogdoralfereis\/wp-content\/uploads\/sites\/11\/2022\/04\/whatsapp-image-2022-04-29-at-14.56.50-1_Easy-Resize.com_.jpg","jetpack_sharing_enabled":true,"_links":{"self":[{"href":"https:\/\/www.tribunanf.com.br\/blogdoralfereis\/wp-json\/wp\/v2\/posts\/9218","targetHints":{"allow":["GET"]}}],"collection":[{"href":"https:\/\/www.tribunanf.com.br\/blogdoralfereis\/wp-json\/wp\/v2\/posts"}],"about":[{"href":"https:\/\/www.tribunanf.com.br\/blogdoralfereis\/wp-json\/wp\/v2\/types\/post"}],"author":[{"embeddable":true,"href":"https:\/\/www.tribunanf.com.br\/blogdoralfereis\/wp-json\/wp\/v2\/users\/2"}],"replies":[{"embeddable":true,"href":"https:\/\/www.tribunanf.com.br\/blogdoralfereis\/wp-json\/wp\/v2\/comments?post=9218"}],"version-history":[{"count":0,"href":"https:\/\/www.tribunanf.com.br\/blogdoralfereis\/wp-json\/wp\/v2\/posts\/9218\/revisions"}],"wp:featuredmedia":[{"embeddable":true,"href":"https:\/\/www.tribunanf.com.br\/blogdoralfereis\/wp-json\/wp\/v2\/media\/9219"}],"wp:attachment":[{"href":"https:\/\/www.tribunanf.com.br\/blogdoralfereis\/wp-json\/wp\/v2\/media?parent=9218"}],"wp:term":[{"taxonomy":"category","embeddable":true,"href":"https:\/\/www.tribunanf.com.br\/blogdoralfereis\/wp-json\/wp\/v2\/categories?post=9218"},{"taxonomy":"post_tag","embeddable":true,"href":"https:\/\/www.tribunanf.com.br\/blogdoralfereis\/wp-json\/wp\/v2\/tags?post=9218"}],"curies":[{"name":"wp","href":"https:\/\/api.w.org\/{rel}","templated":true}]}}