{"id":9212,"date":"2022-04-29T16:25:57","date_gmt":"2022-04-29T19:25:57","guid":{"rendered":"https:\/\/www.tribunanf.com.br\/blogdoralfereis\/?p=9212"},"modified":"2022-04-29T16:31:18","modified_gmt":"2022-04-29T19:31:18","slug":"mp-rj-arquiva-denuncia-de-fabio-ribeiro-contra-maicon-cruz","status":"publish","type":"post","link":"https:\/\/www.tribunanf.com.br\/blogdoralfereis\/2022\/04\/29\/mp-rj-arquiva-denuncia-de-fabio-ribeiro-contra-maicon-cruz\/","title":{"rendered":"MP-RJ arquiva den\u00fancia de F\u00e1bio Ribeiro contra Maicon Cruz"},"content":{"rendered":"<p><img loading=\"lazy\" decoding=\"async\" class=\"aligncenter size-large wp-image-9215\" src=\"https:\/\/www.tribunanf.com.br\/blogdoralfereis\/wp-content\/uploads\/sites\/11\/2022\/04\/camara_Easy-Resize.com-1-1024x678.jpg\" alt=\"\" width=\"800\" height=\"530\" srcset=\"https:\/\/www.tribunanf.com.br\/blogdoralfereis\/wp-content\/uploads\/sites\/11\/2022\/04\/camara_Easy-Resize.com-1-1024x678.jpg 1024w, https:\/\/www.tribunanf.com.br\/blogdoralfereis\/wp-content\/uploads\/sites\/11\/2022\/04\/camara_Easy-Resize.com-1-300x199.jpg 300w, https:\/\/www.tribunanf.com.br\/blogdoralfereis\/wp-content\/uploads\/sites\/11\/2022\/04\/camara_Easy-Resize.com-1-768x509.jpg 768w, https:\/\/www.tribunanf.com.br\/blogdoralfereis\/wp-content\/uploads\/sites\/11\/2022\/04\/camara_Easy-Resize.com-1.jpg 1280w\" sizes=\"auto, (max-width: 800px) 100vw, 800px\" \/><\/p>\n<p style=\"text-align: justify;\">O Minist\u00e9rio P\u00fablico do Estado do Rio de Janeiro, atrav\u00e9s do promotor Fabiano Rangel, decidiu nessa quinta-feira (28) pelo arquivamento da den\u00fancia de falsidade ideol\u00f3gica, proposta pelo presidente da C\u00e2mara Municipal de Campos, F\u00e1bio Ribeiro (PSD), contra o vereador Maicon Cruz (PSC). F\u00e1bio denunciou Maicon na Pol\u00edcia Civil ap\u00f3s derrota na elei\u00e7\u00e3o para presid\u00eancia do legislativo.<\/p>\n<p style=\"text-align: justify;\">Na den\u00fancia, F\u00e1bio Ribeiro acusou Maicon Cruz de ter cometido crime ao se comprometer com a sua recondu\u00e7\u00e3o ao cargo de presidente da Casa, mas votar no l\u00edder da oposi\u00e7\u00e3o, vereador Marquinho Bacellar (Solidariedade), para presidente na elei\u00e7\u00e3o da Mesa Diretora para o bi\u00eanio 2023-2024.<\/p>\n<p style=\"text-align: justify;\">Na acusa\u00e7\u00e3o, F\u00e1bio apresentou um Termo de Compromisso, que teria sido assinado por Maicon, junto dos 12 vereadores da bancada governista.<\/p>\n<p style=\"text-align: justify;\">No parecer pelo arquivamento da den\u00fancia, o promotor apontou que &#8220;o vereador \u00e9 constitucionalmente inviol\u00e1vel por suas opini\u00f5es, palavras e votos no exerc\u00edcio do mandato, especialmente em Plen\u00e1rio. Vale dizer, tem o livre arb\u00edtrio de mudar suas opini\u00f5es quantas vezes quiser, de se expressar como quiser, apoiar, desapoiar, at\u00e9 o momento regimental de votar e exercer sua fun\u00e7\u00e3o legislativa\u201d.<\/p>\n<p style=\"text-align: justify;\">\u201cComo cedi\u00e7o, outrossim, o inqu\u00e9rito ou procedimento investigat\u00f3rio exige um m\u00ednimo de prova e subst\u00e2ncia, aqui inexistente. N\u00e3o h\u00e1 justa causa ou ind\u00edcio m\u00ednimo, o que nos impede de agir ou determinar a instaura\u00e7\u00e3o de procedimento policial, t\u00e3o pouco elementos que se refiram \u00e0 tipifica\u00e7\u00e3o delitiva.&#8221;, decidiu o promotor.<\/p>\n<p style=\"text-align: justify;\">Confira:<\/p>\n<p style=\"text-align: justify;\"><img loading=\"lazy\" decoding=\"async\" class=\"aligncenter size-full wp-image-9213\" src=\"https:\/\/www.tribunanf.com.br\/blogdoralfereis\/wp-content\/uploads\/sites\/11\/2022\/04\/WhatsApp-Image-2022-04-29-at-13.56.29.jpeg\" alt=\"\" width=\"660\" height=\"891\" srcset=\"https:\/\/www.tribunanf.com.br\/blogdoralfereis\/wp-content\/uploads\/sites\/11\/2022\/04\/WhatsApp-Image-2022-04-29-at-13.56.29.jpeg 660w, https:\/\/www.tribunanf.com.br\/blogdoralfereis\/wp-content\/uploads\/sites\/11\/2022\/04\/WhatsApp-Image-2022-04-29-at-13.56.29-222x300.jpeg 222w\" sizes=\"auto, (max-width: 660px) 100vw, 660px\" \/><\/p>\n<p><img loading=\"lazy\" decoding=\"async\" class=\"aligncenter size-full wp-image-9214\" src=\"https:\/\/www.tribunanf.com.br\/blogdoralfereis\/wp-content\/uploads\/sites\/11\/2022\/04\/WhatsApp-Image-2022-04-29-at-13.56.29-1.jpeg\" alt=\"\" width=\"656\" height=\"883\" srcset=\"https:\/\/www.tribunanf.com.br\/blogdoralfereis\/wp-content\/uploads\/sites\/11\/2022\/04\/WhatsApp-Image-2022-04-29-at-13.56.29-1.jpeg 656w, https:\/\/www.tribunanf.com.br\/blogdoralfereis\/wp-content\/uploads\/sites\/11\/2022\/04\/WhatsApp-Image-2022-04-29-at-13.56.29-1-223x300.jpeg 223w\" sizes=\"auto, (max-width: 656px) 100vw, 656px\" \/><\/p>\n","protected":false},"excerpt":{"rendered":"<p>O Minist\u00e9rio P\u00fablico do Estado do Rio de Janeiro, atrav\u00e9s do promotor Fabiano Rangel, decidiu nessa quinta-feira (28) pelo arquivamento&#8230;<\/p>\n","protected":false},"author":2,"featured_media":9215,"comment_status":"open","ping_status":"open","sticky":false,"template":"","format":"standard","meta":{"colormag_page_container_layout":"default_layout","colormag_page_sidebar_layout":"default_layout","jetpack_post_was_ever_published":false,"_jetpack_newsletter_access":"","_jetpack_dont_email_post_to_subs":false,"_jetpack_newsletter_tier_id":0,"_jetpack_memberships_contains_paywalled_content":false,"_jetpack_memberships_contains_paid_content":false,"footnotes":""},"categories":[2],"tags":[],"class_list":["post-9212","post","type-post","status-publish","format-standard","has-post-thumbnail","hentry","category-politica"],"jetpack_featured_media_url":"https:\/\/www.tribunanf.com.br\/blogdoralfereis\/wp-content\/uploads\/sites\/11\/2022\/04\/camara_Easy-Resize.com-1.jpg","jetpack_sharing_enabled":true,"_links":{"self":[{"href":"https:\/\/www.tribunanf.com.br\/blogdoralfereis\/wp-json\/wp\/v2\/posts\/9212","targetHints":{"allow":["GET"]}}],"collection":[{"href":"https:\/\/www.tribunanf.com.br\/blogdoralfereis\/wp-json\/wp\/v2\/posts"}],"about":[{"href":"https:\/\/www.tribunanf.com.br\/blogdoralfereis\/wp-json\/wp\/v2\/types\/post"}],"author":[{"embeddable":true,"href":"https:\/\/www.tribunanf.com.br\/blogdoralfereis\/wp-json\/wp\/v2\/users\/2"}],"replies":[{"embeddable":true,"href":"https:\/\/www.tribunanf.com.br\/blogdoralfereis\/wp-json\/wp\/v2\/comments?post=9212"}],"version-history":[{"count":0,"href":"https:\/\/www.tribunanf.com.br\/blogdoralfereis\/wp-json\/wp\/v2\/posts\/9212\/revisions"}],"wp:featuredmedia":[{"embeddable":true,"href":"https:\/\/www.tribunanf.com.br\/blogdoralfereis\/wp-json\/wp\/v2\/media\/9215"}],"wp:attachment":[{"href":"https:\/\/www.tribunanf.com.br\/blogdoralfereis\/wp-json\/wp\/v2\/media?parent=9212"}],"wp:term":[{"taxonomy":"category","embeddable":true,"href":"https:\/\/www.tribunanf.com.br\/blogdoralfereis\/wp-json\/wp\/v2\/categories?post=9212"},{"taxonomy":"post_tag","embeddable":true,"href":"https:\/\/www.tribunanf.com.br\/blogdoralfereis\/wp-json\/wp\/v2\/tags?post=9212"}],"curies":[{"name":"wp","href":"https:\/\/api.w.org\/{rel}","templated":true}]}}