{"id":9210,"date":"2022-04-28T19:49:11","date_gmt":"2022-04-28T22:49:11","guid":{"rendered":"https:\/\/www.tribunanf.com.br\/blogdoralfereis\/?p=9210"},"modified":"2022-04-28T19:49:11","modified_gmt":"2022-04-28T22:49:11","slug":"equiparacao-salarial-dos-professores-de-campos-sai-no-pagamento-desta-sexta-29-anuncia-o-prefeito-wladimir","status":"publish","type":"post","link":"https:\/\/www.tribunanf.com.br\/blogdoralfereis\/2022\/04\/28\/equiparacao-salarial-dos-professores-de-campos-sai-no-pagamento-desta-sexta-29-anuncia-o-prefeito-wladimir\/","title":{"rendered":"Equipara\u00e7\u00e3o salarial dos professores de Campos sai no pagamento desta sexta (29), anuncia o prefeito Wladimir"},"content":{"rendered":"<p><img loading=\"lazy\" decoding=\"async\" class=\"aligncenter size-full wp-image-6249\" src=\"https:\/\/www.tribunanf.com.br\/blogdoralfereis\/wp-content\/uploads\/sites\/11\/2021\/02\/wlad.jpg\" alt=\"\" width=\"984\" height=\"554\" srcset=\"https:\/\/www.tribunanf.com.br\/blogdoralfereis\/wp-content\/uploads\/sites\/11\/2021\/02\/wlad.jpg 984w, https:\/\/www.tribunanf.com.br\/blogdoralfereis\/wp-content\/uploads\/sites\/11\/2021\/02\/wlad-300x169.jpg 300w, https:\/\/www.tribunanf.com.br\/blogdoralfereis\/wp-content\/uploads\/sites\/11\/2021\/02\/wlad-768x432.jpg 768w\" sizes=\"auto, (max-width: 984px) 100vw, 984px\" \/><\/p>\n<p style=\"text-align: justify;\">O prefeito de Campos dos Goytacazes, Wladimir Garotinho, confirmou na tarde desta quinta-feira, durante visita a secretaria de Educa\u00e7\u00e3o, o pagamento da equipara\u00e7\u00e3o salarial aos professores municipais no sal\u00e1rio referente ao m\u00eas de abril, que foi antecipado para esta sexta-feira (29).<\/p>\n<p style=\"text-align: justify;\">A Lei municipal n\u00ba 9.136, de 30 de mar\u00e7o de 2022 (<strong><a href=\"https:\/\/www.campos.rj.gov.br\/app\/assets\/diario-oficial\/link\/5168\" target=\"_blank\" rel=\"noopener\">veja aqui<\/a><\/strong>), garante ao professor municipal a equipara\u00e7\u00e3o ao piso nacional do magist\u00e9rio. Ser\u00e3o beneficiados cerca de 3.300 professores da ativa e 828 aposentados que hoje est\u00e3o inativos pela regra de paridade e que ainda n\u00e3o recebem o piso nacional. A medida segue as regras adotadas pela Portaria 67, de 04 de fevereiro, do Governo Federal.<\/p>\n<p style=\"text-align: justify;\">De acordo com a lei, a partir de agora, o professor II com carga hor\u00e1ria de 22h, padr\u00e3o A, vai receber R$ 2.115,10. O valor mais alto \u00e9 de professor II, com carga hor\u00e1ria de 35h, padr\u00e3o J, que vai receber R$ 4.202,33. O \u201cpadr\u00e3o\u201d se refere ao tempo de servi\u00e7o que o professor tem no munic\u00edpio. A tabela completa pode ser vista<strong><a href=\"https:\/\/www.campos.rj.gov.br\/app\/assets\/diario-oficial\/link\/5168\" target=\"_blank\" rel=\"noopener\">\u00a0AQUI<\/a>.<\/strong><\/p>\n<p style=\"text-align: justify;\">A equipara\u00e7\u00e3o salarial pode chegar em alguns casos a at\u00e9 50%, ainda no pagamento referente ao m\u00eas de mar\u00e7o.<\/p>\n<p style=\"text-align: justify;\">A Prefeitura vai pagar os valores retroativos referentes \u00e0 compet\u00eancia de fevereiro e mar\u00e7o de forma parcelada em at\u00e9 cinco vezes.<\/p>\n<p><iframe loading=\"lazy\" style=\"border: none; overflow: hidden;\" src=\"https:\/\/www.facebook.com\/plugins\/video.php?height=476&amp;href=https%3A%2F%2Fwww.facebook.com%2Fwladimirgarotinhoo%2Fvideos%2F3275944419349304%2F&amp;show_text=true&amp;width=269&amp;t=0\" width=\"269\" height=\"591\" frameborder=\"0\" scrolling=\"no\" allowfullscreen=\"allowfullscreen\"><\/iframe><\/p>\n","protected":false},"excerpt":{"rendered":"<p>O prefeito de Campos dos Goytacazes, Wladimir Garotinho, confirmou na tarde desta quinta-feira, durante visita a secretaria de Educa\u00e7\u00e3o, o&#8230;<\/p>\n","protected":false},"author":2,"featured_media":6249,"comment_status":"open","ping_status":"open","sticky":false,"template":"","format":"standard","meta":{"colormag_page_container_layout":"default_layout","colormag_page_sidebar_layout":"default_layout","jetpack_post_was_ever_published":false,"_jetpack_newsletter_access":"","_jetpack_dont_email_post_to_subs":false,"_jetpack_newsletter_tier_id":0,"_jetpack_memberships_contains_paywalled_content":false,"_jetpack_memberships_contains_paid_content":false,"footnotes":""},"categories":[2],"tags":[],"class_list":["post-9210","post","type-post","status-publish","format-standard","has-post-thumbnail","hentry","category-politica"],"jetpack_featured_media_url":"https:\/\/www.tribunanf.com.br\/blogdoralfereis\/wp-content\/uploads\/sites\/11\/2021\/02\/wlad.jpg","jetpack_sharing_enabled":true,"_links":{"self":[{"href":"https:\/\/www.tribunanf.com.br\/blogdoralfereis\/wp-json\/wp\/v2\/posts\/9210","targetHints":{"allow":["GET"]}}],"collection":[{"href":"https:\/\/www.tribunanf.com.br\/blogdoralfereis\/wp-json\/wp\/v2\/posts"}],"about":[{"href":"https:\/\/www.tribunanf.com.br\/blogdoralfereis\/wp-json\/wp\/v2\/types\/post"}],"author":[{"embeddable":true,"href":"https:\/\/www.tribunanf.com.br\/blogdoralfereis\/wp-json\/wp\/v2\/users\/2"}],"replies":[{"embeddable":true,"href":"https:\/\/www.tribunanf.com.br\/blogdoralfereis\/wp-json\/wp\/v2\/comments?post=9210"}],"version-history":[{"count":0,"href":"https:\/\/www.tribunanf.com.br\/blogdoralfereis\/wp-json\/wp\/v2\/posts\/9210\/revisions"}],"wp:featuredmedia":[{"embeddable":true,"href":"https:\/\/www.tribunanf.com.br\/blogdoralfereis\/wp-json\/wp\/v2\/media\/6249"}],"wp:attachment":[{"href":"https:\/\/www.tribunanf.com.br\/blogdoralfereis\/wp-json\/wp\/v2\/media?parent=9210"}],"wp:term":[{"taxonomy":"category","embeddable":true,"href":"https:\/\/www.tribunanf.com.br\/blogdoralfereis\/wp-json\/wp\/v2\/categories?post=9210"},{"taxonomy":"post_tag","embeddable":true,"href":"https:\/\/www.tribunanf.com.br\/blogdoralfereis\/wp-json\/wp\/v2\/tags?post=9210"}],"curies":[{"name":"wp","href":"https:\/\/api.w.org\/{rel}","templated":true}]}}