{"id":9207,"date":"2022-04-28T18:50:14","date_gmt":"2022-04-28T21:50:14","guid":{"rendered":"https:\/\/www.tribunanf.com.br\/blogdoralfereis\/?p=9207"},"modified":"2022-04-28T18:50:14","modified_gmt":"2022-04-28T21:50:14","slug":"juiz-condena-delcidio-a-indenizar-lula-em-r-10-mil-por-falas-em-delacao","status":"publish","type":"post","link":"https:\/\/www.tribunanf.com.br\/blogdoralfereis\/2022\/04\/28\/juiz-condena-delcidio-a-indenizar-lula-em-r-10-mil-por-falas-em-delacao\/","title":{"rendered":"Juiz condena Delc\u00eddio a indenizar Lula em R$ 10 mil por falas em dela\u00e7\u00e3o"},"content":{"rendered":"<p><img loading=\"lazy\" decoding=\"async\" class=\"aligncenter size-full wp-image-9208\" src=\"https:\/\/www.tribunanf.com.br\/blogdoralfereis\/wp-content\/uploads\/sites\/11\/2022\/04\/lula-delcidio-amaral-4567.png\" alt=\"\" width=\"680\" height=\"453\" srcset=\"https:\/\/www.tribunanf.com.br\/blogdoralfereis\/wp-content\/uploads\/sites\/11\/2022\/04\/lula-delcidio-amaral-4567.png 680w, https:\/\/www.tribunanf.com.br\/blogdoralfereis\/wp-content\/uploads\/sites\/11\/2022\/04\/lula-delcidio-amaral-4567-300x200.png 300w\" sizes=\"auto, (max-width: 680px) 100vw, 680px\" \/><\/p>\n<p style=\"text-align: justify;\">O juiz Maur\u00edcio Tini Garcia decidiu condenar o ex-senador petista Delc\u00eddio do Amaral a pagar uma indeniza\u00e7\u00e3o de 10.000 reais ao ex-presidente Lula por revela\u00e7\u00f5es feitas em sua dela\u00e7\u00e3o na Lava-Jato, informa o Radar.<\/p>\n<p style=\"text-align: justify;\">Apesar de reconhecidas e homologadas pela Justi\u00e7a, as acusa\u00e7\u00f5es feitas por Amaral em seu acordo, segundo o juiz, n\u00e3o s\u00e3o verdadeiras e devem gerar repara\u00e7\u00e3o a Lula.<\/p>\n<p style=\"text-align: justify;\">\u201cAs alega\u00e7\u00f5es trazidas no acordo de dela\u00e7\u00e3o premiada firmado entre o r\u00e9u e o MPF se descolaram da verdade pontualmente, sendo, no mais, utilizadas para o exarar de comando condenat\u00f3rio em desfavor do autor, nos autos de duas a\u00e7\u00f5es criminais\u201d, diz o juiz. \u201cO que se tem \u00e9 a viola\u00e7\u00e3o da honra do autor, no caso Lula, a partir de ato il\u00edcito perpetrado pelo r\u00e9u\u201d, segue o juiz.<\/p>\n","protected":false},"excerpt":{"rendered":"<p>O juiz Maur\u00edcio Tini Garcia decidiu condenar o ex-senador petista Delc\u00eddio do Amaral a pagar uma indeniza\u00e7\u00e3o de 10.000 reais&#8230;<\/p>\n","protected":false},"author":2,"featured_media":9208,"comment_status":"open","ping_status":"open","sticky":false,"template":"","format":"standard","meta":{"colormag_page_container_layout":"default_layout","colormag_page_sidebar_layout":"default_layout","jetpack_post_was_ever_published":false,"_jetpack_newsletter_access":"","_jetpack_dont_email_post_to_subs":false,"_jetpack_newsletter_tier_id":0,"_jetpack_memberships_contains_paywalled_content":false,"_jetpack_memberships_contains_paid_content":false,"footnotes":""},"categories":[2],"tags":[],"class_list":["post-9207","post","type-post","status-publish","format-standard","has-post-thumbnail","hentry","category-politica"],"jetpack_featured_media_url":"https:\/\/www.tribunanf.com.br\/blogdoralfereis\/wp-content\/uploads\/sites\/11\/2022\/04\/lula-delcidio-amaral-4567.png","jetpack_sharing_enabled":true,"_links":{"self":[{"href":"https:\/\/www.tribunanf.com.br\/blogdoralfereis\/wp-json\/wp\/v2\/posts\/9207","targetHints":{"allow":["GET"]}}],"collection":[{"href":"https:\/\/www.tribunanf.com.br\/blogdoralfereis\/wp-json\/wp\/v2\/posts"}],"about":[{"href":"https:\/\/www.tribunanf.com.br\/blogdoralfereis\/wp-json\/wp\/v2\/types\/post"}],"author":[{"embeddable":true,"href":"https:\/\/www.tribunanf.com.br\/blogdoralfereis\/wp-json\/wp\/v2\/users\/2"}],"replies":[{"embeddable":true,"href":"https:\/\/www.tribunanf.com.br\/blogdoralfereis\/wp-json\/wp\/v2\/comments?post=9207"}],"version-history":[{"count":0,"href":"https:\/\/www.tribunanf.com.br\/blogdoralfereis\/wp-json\/wp\/v2\/posts\/9207\/revisions"}],"wp:featuredmedia":[{"embeddable":true,"href":"https:\/\/www.tribunanf.com.br\/blogdoralfereis\/wp-json\/wp\/v2\/media\/9208"}],"wp:attachment":[{"href":"https:\/\/www.tribunanf.com.br\/blogdoralfereis\/wp-json\/wp\/v2\/media?parent=9207"}],"wp:term":[{"taxonomy":"category","embeddable":true,"href":"https:\/\/www.tribunanf.com.br\/blogdoralfereis\/wp-json\/wp\/v2\/categories?post=9207"},{"taxonomy":"post_tag","embeddable":true,"href":"https:\/\/www.tribunanf.com.br\/blogdoralfereis\/wp-json\/wp\/v2\/tags?post=9207"}],"curies":[{"name":"wp","href":"https:\/\/api.w.org\/{rel}","templated":true}]}}