{"id":9158,"date":"2022-04-20T19:20:05","date_gmt":"2022-04-20T22:20:05","guid":{"rendered":"https:\/\/www.tribunanf.com.br\/blogdoralfereis\/?p=9158"},"modified":"2022-04-20T20:07:02","modified_gmt":"2022-04-20T23:07:02","slug":"em-acao-de-improbidade-do-mp-fabio-ribeiro-confessa-que-era-remunerado-por-duas-fontes-publicas","status":"publish","type":"post","link":"https:\/\/www.tribunanf.com.br\/blogdoralfereis\/2022\/04\/20\/em-acao-de-improbidade-do-mp-fabio-ribeiro-confessa-que-era-remunerado-por-duas-fontes-publicas\/","title":{"rendered":"Em a\u00e7\u00e3o de improbidade do MP, F\u00e1bio Ribeiro confessa que era remunerado por duas fontes p\u00fablicas"},"content":{"rendered":"<p><img loading=\"lazy\" decoding=\"async\" class=\"aligncenter size-full wp-image-8106\" src=\"https:\/\/www.tribunanf.com.br\/blogdoralfereis\/wp-content\/uploads\/sites\/11\/2021\/11\/fabio-ribeiro.jpeg\" alt=\"\" width=\"1024\" height=\"678\" srcset=\"https:\/\/www.tribunanf.com.br\/blogdoralfereis\/wp-content\/uploads\/sites\/11\/2021\/11\/fabio-ribeiro.jpeg 1024w, https:\/\/www.tribunanf.com.br\/blogdoralfereis\/wp-content\/uploads\/sites\/11\/2021\/11\/fabio-ribeiro-300x199.jpeg 300w, https:\/\/www.tribunanf.com.br\/blogdoralfereis\/wp-content\/uploads\/sites\/11\/2021\/11\/fabio-ribeiro-768x509.jpeg 768w\" sizes=\"auto, (max-width: 1024px) 100vw, 1024px\" \/><\/p>\n<p style=\"text-align: justify;\">O presidente da C\u00e2mara Municipal de Campos dos Goytacazes, F\u00e1bio Ribeiro, responde a um processo de dano ao er\u00e1rio\/ improbidade administrativa por suposto ac\u00famulo indevido de remunera\u00e7\u00e3o. O processo \u00e9 de 2020, por\u00e9m o ju\u00edzo da 2\u00aa Vara C\u00edvel recebeu a den\u00fancia em 2021 e a intima\u00e7\u00e3o para defesa foi para o OJA (Oficial de Justi\u00e7a) no \u00faltimo dia 1\u00ba.<\/p>\n<p style=\"text-align: justify;\">De acordo com o Minist\u00e9rio Publico, &#8220;&#8230;<em>o r\u00e9u acumulou irregularmente cargos p\u00fablicos (Profissional de N\u00edvel Superior, matr\u00edcula 872-2, da Universidade Estadual do Norte Fluminense, com carga hor\u00e1ria de 40 (quarenta) horas, vereador e Secret\u00e1rio Municipal), praticando a conduta ilegal descrita no inciso I do artigo 11 da Lei 8.429\/92, vulnerando, ainda, as normas do artigo 37, caput, da CRFB<\/em>&#8220;.<\/p>\n<p style=\"text-align: justify;\">No despacho, o magistrado apontou que F\u00e1bio Ribeiro respondeu, preliminarmente, da seguinte forma: &#8220;.<em>..r\u00e9u foi regularmente notificado (fls. 346) e ofereceu resposta pr\u00e9via \u00e0s fls. 349-377, alegando que n\u00e3o houve acumula\u00e7\u00e3o indevida de cargos, mas mera cess\u00e3o de servidor para exerc\u00edcio de cargo comissionado em outro \u00f3rg\u00e3o, o que \u00e9 legalmente previsto. O r\u00e9u reconhece que recebeu dupla remunera\u00e7\u00e3o, mas afirma que na \u00e9poca dos fatos n\u00e3o havia regramento pr\u00f3prio do Munic\u00edpio de Campos sobre a disciplina de remunera\u00e7\u00e3o de servidores cedidos. Registra que esteve cedido pelo Estado ao Munic\u00edpio de Campos dos Goytacazes entre os anos de 2009 e 2016, tendo ocupado, por diversos per\u00edodos, o cargo em comiss\u00e3o de Secret\u00e1rio Municipal, em diversas secretarias.<\/em>&#8220;<\/p>\n<p style=\"text-align: justify;\">Em r\u00e9plica, o Minist\u00e9rio P\u00fablico voltou a sustentar que a cess\u00e3o de servidor n\u00e3o autoriza a dupla remunera\u00e7\u00e3o. O magistrado recebeu a den\u00fancia para continuidade da investiga\u00e7\u00e3o.<\/p>\n<p style=\"text-align: justify;\">Quando secret\u00e1rio, Ribeiro era um &#8220;ca\u00e7ador de maraj\u00e1s&#8221;, seguindo rigorosamente a lei de improbidade para cortar benef\u00edcios de alguns servidores. Mas, pelo que se v\u00ea, a lei n\u00e3o era para todos.<\/p>\n<p style=\"text-align: justify;\">F\u00e1bio \u00e9 gente fina. Muito econ\u00f4mico, pois para o seu padr\u00e3o de vida necessitava e necessita das duas remunera\u00e7\u00f5es. Que essa a\u00e7\u00e3o seja arquivada.<\/p>\n<p style=\"text-align: justify;\">Leia a decis\u00e3o: <a href=\"https:\/\/www.tribunanf.com.br\/blogdoralfereis\/wp-content\/uploads\/sites\/11\/2022\/04\/Improbidade-remuneracao-Fabio-Ribeiro.pdf\">Improbidade-remunera\u00e7\u00e3o-F\u00e1bio Ribeiro<\/a><\/p>\n","protected":false},"excerpt":{"rendered":"<p>O presidente da C\u00e2mara Municipal de Campos dos Goytacazes, F\u00e1bio Ribeiro, responde a um processo de dano ao er\u00e1rio\/ improbidade&#8230;<\/p>\n","protected":false},"author":2,"featured_media":8106,"comment_status":"open","ping_status":"open","sticky":false,"template":"","format":"standard","meta":{"colormag_page_container_layout":"default_layout","colormag_page_sidebar_layout":"default_layout","jetpack_post_was_ever_published":false,"_jetpack_newsletter_access":"","_jetpack_dont_email_post_to_subs":false,"_jetpack_newsletter_tier_id":0,"_jetpack_memberships_contains_paywalled_content":false,"_jetpack_memberships_contains_paid_content":false,"footnotes":""},"categories":[2],"tags":[],"class_list":["post-9158","post","type-post","status-publish","format-standard","has-post-thumbnail","hentry","category-politica"],"jetpack_featured_media_url":"https:\/\/www.tribunanf.com.br\/blogdoralfereis\/wp-content\/uploads\/sites\/11\/2021\/11\/fabio-ribeiro.jpeg","jetpack_sharing_enabled":true,"_links":{"self":[{"href":"https:\/\/www.tribunanf.com.br\/blogdoralfereis\/wp-json\/wp\/v2\/posts\/9158","targetHints":{"allow":["GET"]}}],"collection":[{"href":"https:\/\/www.tribunanf.com.br\/blogdoralfereis\/wp-json\/wp\/v2\/posts"}],"about":[{"href":"https:\/\/www.tribunanf.com.br\/blogdoralfereis\/wp-json\/wp\/v2\/types\/post"}],"author":[{"embeddable":true,"href":"https:\/\/www.tribunanf.com.br\/blogdoralfereis\/wp-json\/wp\/v2\/users\/2"}],"replies":[{"embeddable":true,"href":"https:\/\/www.tribunanf.com.br\/blogdoralfereis\/wp-json\/wp\/v2\/comments?post=9158"}],"version-history":[{"count":0,"href":"https:\/\/www.tribunanf.com.br\/blogdoralfereis\/wp-json\/wp\/v2\/posts\/9158\/revisions"}],"wp:featuredmedia":[{"embeddable":true,"href":"https:\/\/www.tribunanf.com.br\/blogdoralfereis\/wp-json\/wp\/v2\/media\/8106"}],"wp:attachment":[{"href":"https:\/\/www.tribunanf.com.br\/blogdoralfereis\/wp-json\/wp\/v2\/media?parent=9158"}],"wp:term":[{"taxonomy":"category","embeddable":true,"href":"https:\/\/www.tribunanf.com.br\/blogdoralfereis\/wp-json\/wp\/v2\/categories?post=9158"},{"taxonomy":"post_tag","embeddable":true,"href":"https:\/\/www.tribunanf.com.br\/blogdoralfereis\/wp-json\/wp\/v2\/tags?post=9158"}],"curies":[{"name":"wp","href":"https:\/\/api.w.org\/{rel}","templated":true}]}}