{"id":9125,"date":"2022-04-14T21:11:17","date_gmt":"2022-04-15T00:11:17","guid":{"rendered":"https:\/\/www.tribunanf.com.br\/blogdoralfereis\/?p=9125"},"modified":"2022-04-14T21:11:17","modified_gmt":"2022-04-15T00:11:17","slug":"governador-claudio-castro-nomeia-os-cinco-novos-desembargadores-do-tj-rj","status":"publish","type":"post","link":"https:\/\/www.tribunanf.com.br\/blogdoralfereis\/2022\/04\/14\/governador-claudio-castro-nomeia-os-cinco-novos-desembargadores-do-tj-rj\/","title":{"rendered":"Governador Cl\u00e1udio Castro nomeia os cinco novos desembargadores do TJ-RJ"},"content":{"rendered":"<p><img loading=\"lazy\" decoding=\"async\" class=\"aligncenter size-large wp-image-9126\" src=\"https:\/\/www.tribunanf.com.br\/blogdoralfereis\/wp-content\/uploads\/sites\/11\/2022\/04\/tjrj-facebook_Easy-Resize.com_-1024x563.jpg\" alt=\"\" width=\"800\" height=\"440\" srcset=\"https:\/\/www.tribunanf.com.br\/blogdoralfereis\/wp-content\/uploads\/sites\/11\/2022\/04\/tjrj-facebook_Easy-Resize.com_-1024x563.jpg 1024w, https:\/\/www.tribunanf.com.br\/blogdoralfereis\/wp-content\/uploads\/sites\/11\/2022\/04\/tjrj-facebook_Easy-Resize.com_-300x165.jpg 300w, https:\/\/www.tribunanf.com.br\/blogdoralfereis\/wp-content\/uploads\/sites\/11\/2022\/04\/tjrj-facebook_Easy-Resize.com_-768x422.jpg 768w, https:\/\/www.tribunanf.com.br\/blogdoralfereis\/wp-content\/uploads\/sites\/11\/2022\/04\/tjrj-facebook_Easy-Resize.com_.jpg 1280w\" sizes=\"auto, (max-width: 800px) 100vw, 800px\" \/><\/p>\n<p style=\"text-align: justify;\">O governador Cl\u00e1udio Castro nomeou, nesta quinta-feira (14), os cinco novos desembargadores do Tribunal de Justi\u00e7a do Rio de Janeiro (TJ-RJ).<\/p>\n<p style=\"text-align: justify;\">Os escolhidos pelo governador foram o procurador de Justi\u00e7a Humberto Dalla Bernardina de Pinho, a promotora Renata Silvares Fran\u00e7a Fadel e os advogados Vitor Marcelo Aranha Afonso Rodrigues, Andr\u00e9 Luis Man\u00e7ano Marques e Eduardo Abreu Biondi.<\/p>\n<p style=\"text-align: justify;\">O governador escolheu-os a partir das listas tr\u00edplices formadas na segunda-feira (11) pelo Tribunal Pleno do TJ-RJ ao votar as indica\u00e7\u00f5es do Minist\u00e9rio P\u00fablico e da Seccional Rio de Janeiro da Ordem dos Advogados do Brasil (OAB-RJ).<\/p>\n<p style=\"text-align: justify;\">As nomea\u00e7\u00f5es dos cinco novos escolhidos pelo quinto constitucional foram publicadas nesta quinta (14) no portal do Di\u00e1rio Oficial do Estado.<\/p>\n<p style=\"text-align: justify;\">Integrante do Minist\u00e9rio P\u00fablico desde 1995, Humberto Dalla Bernardina de Pinho \u00e9 procurador de Justi\u00e7a e professor titular de Direito Processual Civil na Universidade do Estado do Rio de Janeiro (Uerj) e nas universidades Est\u00e1cio e Ibmec. Ele tem gradua\u00e7\u00e3o, mestrado e doutorado na Uerj e \u00e9 p\u00f3s-doutor pela Escola de Direito da Universidade de Connecticut (EUA). Humberto Dalla preencher\u00e1 vaga decorrente da Lei n\u00ba 9.354 (15 de julho de 2021), que criou dez cargos de desembargador no TJ-RJ.<\/p>\n<p style=\"text-align: justify;\">Renata Silvares Fran\u00e7a Fadel assumir\u00e1 a vaga decorrente da aposentadoria do desembargador Nildson Ara\u00fajo da Cruz. Ela atua no 1\u00ba Juizado Especial Criminal do Rio de Janeiro. Desde o ano passado \u00e9 membro honor\u00e1ria do Instituto dos Advogados Brasileiros (IAB), integrante da Comiss\u00e3o de Direito Penal.<\/p>\n<p style=\"text-align: justify;\">Vitor Marcelo Aranha Afonso Rodrigues \u00e9 advogado. Graduado em Direito em 1995, especializou-se em Direito Privado pela Universidade Federal Fluminense (UFF). \u00c9 professor da Universidade Salgado de Oliveira (Universo). Integra o Tribunal Regional Eleitoral do Rio de Janeiro (TRE-RJ) na classe Jurista desde 2020. Ele preencher\u00e1 a vaga decorrente da aposentadoria do desembargador Lindolpho Morais Marinho.<\/p>\n<p style=\"text-align: justify;\">Andr\u00e9 Luis Man\u00e7ano Marques \u00e9 advogado formado pela Uerj (1999). Foi procurador-geral do munic\u00edpio de Duque de Caxias (cidade na Baixada Fluminense). Ele preencher\u00e1 a vaga aberta com a aposentadoria do desembargador Ant\u00f4nio Eduardo Ferreira Duarte.<\/p>\n<p style=\"text-align: justify;\">Eduardo Abreu Biondi formou-se em Direito pela Universidade Candido Mendes, com especializa\u00e7\u00e3o em Responsabilidade Civil e Direito do Consumidor pela Universidade Est\u00e1cio de S\u00e1, em Direito Imobili\u00e1rio pela Universidade Veiga de Almeida e em Processo Civil pela Candido Mendes. Ele assumir\u00e1 vaga decorrente da Lei n\u00ba 9.354\/2021.<\/p>\n","protected":false},"excerpt":{"rendered":"<p>O governador Cl\u00e1udio Castro nomeou, nesta quinta-feira (14), os cinco novos desembargadores do Tribunal de Justi\u00e7a do Rio de Janeiro&#8230;<\/p>\n","protected":false},"author":2,"featured_media":9126,"comment_status":"open","ping_status":"open","sticky":false,"template":"","format":"standard","meta":{"colormag_page_container_layout":"default_layout","colormag_page_sidebar_layout":"default_layout","jetpack_post_was_ever_published":false,"_jetpack_newsletter_access":"","_jetpack_dont_email_post_to_subs":false,"_jetpack_newsletter_tier_id":0,"_jetpack_memberships_contains_paywalled_content":false,"_jetpack_memberships_contains_paid_content":false,"footnotes":""},"categories":[2],"tags":[],"class_list":["post-9125","post","type-post","status-publish","format-standard","has-post-thumbnail","hentry","category-politica"],"jetpack_featured_media_url":"https:\/\/www.tribunanf.com.br\/blogdoralfereis\/wp-content\/uploads\/sites\/11\/2022\/04\/tjrj-facebook_Easy-Resize.com_.jpg","jetpack_sharing_enabled":true,"_links":{"self":[{"href":"https:\/\/www.tribunanf.com.br\/blogdoralfereis\/wp-json\/wp\/v2\/posts\/9125","targetHints":{"allow":["GET"]}}],"collection":[{"href":"https:\/\/www.tribunanf.com.br\/blogdoralfereis\/wp-json\/wp\/v2\/posts"}],"about":[{"href":"https:\/\/www.tribunanf.com.br\/blogdoralfereis\/wp-json\/wp\/v2\/types\/post"}],"author":[{"embeddable":true,"href":"https:\/\/www.tribunanf.com.br\/blogdoralfereis\/wp-json\/wp\/v2\/users\/2"}],"replies":[{"embeddable":true,"href":"https:\/\/www.tribunanf.com.br\/blogdoralfereis\/wp-json\/wp\/v2\/comments?post=9125"}],"version-history":[{"count":0,"href":"https:\/\/www.tribunanf.com.br\/blogdoralfereis\/wp-json\/wp\/v2\/posts\/9125\/revisions"}],"wp:featuredmedia":[{"embeddable":true,"href":"https:\/\/www.tribunanf.com.br\/blogdoralfereis\/wp-json\/wp\/v2\/media\/9126"}],"wp:attachment":[{"href":"https:\/\/www.tribunanf.com.br\/blogdoralfereis\/wp-json\/wp\/v2\/media?parent=9125"}],"wp:term":[{"taxonomy":"category","embeddable":true,"href":"https:\/\/www.tribunanf.com.br\/blogdoralfereis\/wp-json\/wp\/v2\/categories?post=9125"},{"taxonomy":"post_tag","embeddable":true,"href":"https:\/\/www.tribunanf.com.br\/blogdoralfereis\/wp-json\/wp\/v2\/tags?post=9125"}],"curies":[{"name":"wp","href":"https:\/\/api.w.org\/{rel}","templated":true}]}}