{"id":9091,"date":"2022-04-08T13:18:59","date_gmt":"2022-04-08T16:18:59","guid":{"rendered":"https:\/\/www.tribunanf.com.br\/blogdoralfereis\/?p=9091"},"modified":"2022-04-08T13:18:59","modified_gmt":"2022-04-08T16:18:59","slug":"datafolha-castro-tem-18-de-aprovacao-e-25-de-reprovacao-no-governo-do-rio","status":"publish","type":"post","link":"https:\/\/www.tribunanf.com.br\/blogdoralfereis\/2022\/04\/08\/datafolha-castro-tem-18-de-aprovacao-e-25-de-reprovacao-no-governo-do-rio\/","title":{"rendered":"Datafolha: Castro tem 18% de aprova\u00e7\u00e3o e 25% de reprova\u00e7\u00e3o no governo do Rio"},"content":{"rendered":"<p><img loading=\"lazy\" decoding=\"async\" class=\"aligncenter size-full wp-image-8130\" src=\"https:\/\/www.tribunanf.com.br\/blogdoralfereis\/wp-content\/uploads\/sites\/11\/2021\/12\/claudio-castro-e1638361407352.jpg\" alt=\"\" width=\"900\" height=\"600\" \/><\/p>\n<p style=\"text-align: justify;\">Pesquisa Datafolha divulgada nesta sexta-feira aponta que a aprova\u00e7\u00e3o do governador do Rio, Cl\u00e1udio Castro (PL), \u00e9 18%. J\u00e1 a reprova\u00e7\u00e3o \u00e9 de 25% segundo a pesquisa. Para 44% do eleitorado, Castro faz uma gest\u00e3o considerada regular. A margem de erro \u00e9 de tr\u00eas pontos, para mais ou para menos.<\/p>\n<p style=\"text-align: justify;\">De acordo com o Datafolha, Castro \u00e9 melhor avaliado entre eleitores do presidente Jair Bolsonaro (PL), seu colega de partido. No geral, a maioria do eleitorado avalia, segundo a pesquisa, que o atual governador do Rio fez menos do que se esperava.<\/p>\n<p style=\"text-align: justify;\">Veja os n\u00fameros da avalia\u00e7\u00e3o do governo Castro:<\/p>\n<ul style=\"text-align: justify;\">\n<li>\u00d3timo\/ bom: 18%<\/li>\n<li>Regular: 44%<\/li>\n<li>Ruim\/p\u00e9ssimo: 25%<\/li>\n<li>N\u00e3o sabe\/n\u00e3o respondeu: 13%<\/li>\n<\/ul>\n<p style=\"text-align: justify;\">Castro deve fazer uma campanha alinhada a Bolsonaro, cujos eleitores representam hoje a principal base de apoio ao governador. Segundo o Datafolha, 37% dos que aprovam o governo Bolsonaro tamb\u00e9m avaliam a gest\u00e3o Castro como \u00f3tima ou boa.<\/p>\n<p style=\"text-align: justify;\">O Datafolha apontou, por outro lado, que 64% dos entrevistados dizem que Castro &#8220;fez menos do que esperava&#8221;. O atual governador ascendeu ao posto em agosto de 2020, ap\u00f3s o ent\u00e3o titular Wilson Witzel (PSC) ser afastado do cargo pelo Superior Tribunal de Justi\u00e7a (STJ), em meio a uma investiga\u00e7\u00e3o por suspeitas de desvios e corrup\u00e7\u00e3o durante a pandemia da Covid-19. Castro tomou posse em definitivo em junho do ano passado, ap\u00f3s a conclus\u00e3o do processo de impeachment de Witzel.<\/p>\n<p style=\"text-align: justify;\">Segundo a pesquisa, 8% dos eleitores consideram que Castro &#8220;fez mais do que se esperava&#8221; pelo estado, enquanto 13% consideraram que o governador fez exatamente o que esperavam.<\/p>\n<p style=\"text-align: justify;\">O Datafolha ouviu 1.218 eleitores em 31 munic\u00edpios do Rio de Janeiro entre ter\u00e7a e quinta-feira. A pesquisa foi registrada no Tribunal Superior Eleitoral (TSE) sob o protocolo RJ-05998\/2022. A margem de erro \u00e9 de tr\u00eas pontos percentuais para mais ou para menos, e o n\u00edvel de confian\u00e7a \u00e9 de 95%.<\/p>\n<p style=\"text-align: justify;\">O Globo*<\/p>\n","protected":false},"excerpt":{"rendered":"<p>Pesquisa Datafolha divulgada nesta sexta-feira aponta que a aprova\u00e7\u00e3o do governador do Rio, Cl\u00e1udio Castro (PL), \u00e9 18%. J\u00e1 a&#8230;<\/p>\n","protected":false},"author":2,"featured_media":8130,"comment_status":"open","ping_status":"open","sticky":false,"template":"","format":"standard","meta":{"colormag_page_container_layout":"default_layout","colormag_page_sidebar_layout":"default_layout","jetpack_post_was_ever_published":false,"_jetpack_newsletter_access":"","_jetpack_dont_email_post_to_subs":false,"_jetpack_newsletter_tier_id":0,"_jetpack_memberships_contains_paywalled_content":false,"_jetpack_memberships_contains_paid_content":false,"footnotes":""},"categories":[2],"tags":[],"class_list":["post-9091","post","type-post","status-publish","format-standard","has-post-thumbnail","hentry","category-politica"],"jetpack_featured_media_url":"https:\/\/www.tribunanf.com.br\/blogdoralfereis\/wp-content\/uploads\/sites\/11\/2021\/12\/claudio-castro-e1638361407352.jpg","jetpack_sharing_enabled":true,"_links":{"self":[{"href":"https:\/\/www.tribunanf.com.br\/blogdoralfereis\/wp-json\/wp\/v2\/posts\/9091","targetHints":{"allow":["GET"]}}],"collection":[{"href":"https:\/\/www.tribunanf.com.br\/blogdoralfereis\/wp-json\/wp\/v2\/posts"}],"about":[{"href":"https:\/\/www.tribunanf.com.br\/blogdoralfereis\/wp-json\/wp\/v2\/types\/post"}],"author":[{"embeddable":true,"href":"https:\/\/www.tribunanf.com.br\/blogdoralfereis\/wp-json\/wp\/v2\/users\/2"}],"replies":[{"embeddable":true,"href":"https:\/\/www.tribunanf.com.br\/blogdoralfereis\/wp-json\/wp\/v2\/comments?post=9091"}],"version-history":[{"count":0,"href":"https:\/\/www.tribunanf.com.br\/blogdoralfereis\/wp-json\/wp\/v2\/posts\/9091\/revisions"}],"wp:featuredmedia":[{"embeddable":true,"href":"https:\/\/www.tribunanf.com.br\/blogdoralfereis\/wp-json\/wp\/v2\/media\/8130"}],"wp:attachment":[{"href":"https:\/\/www.tribunanf.com.br\/blogdoralfereis\/wp-json\/wp\/v2\/media?parent=9091"}],"wp:term":[{"taxonomy":"category","embeddable":true,"href":"https:\/\/www.tribunanf.com.br\/blogdoralfereis\/wp-json\/wp\/v2\/categories?post=9091"},{"taxonomy":"post_tag","embeddable":true,"href":"https:\/\/www.tribunanf.com.br\/blogdoralfereis\/wp-json\/wp\/v2\/tags?post=9091"}],"curies":[{"name":"wp","href":"https:\/\/api.w.org\/{rel}","templated":true}]}}