{"id":9088,"date":"2022-04-08T09:48:26","date_gmt":"2022-04-08T12:48:26","guid":{"rendered":"https:\/\/www.tribunanf.com.br\/blogdoralfereis\/?p=9088"},"modified":"2022-04-08T12:22:35","modified_gmt":"2022-04-08T15:22:35","slug":"secretaria-de-educacao-de-campos-contrata-empresa-por-r-33-milhoes-para-solucoes-roboticas","status":"publish","type":"post","link":"https:\/\/www.tribunanf.com.br\/blogdoralfereis\/2022\/04\/08\/secretaria-de-educacao-de-campos-contrata-empresa-por-r-33-milhoes-para-solucoes-roboticas\/","title":{"rendered":"Secretaria de Educa\u00e7\u00e3o de Campos contrata empresa por R$ 3,3 milh\u00f5es para solu\u00e7\u00f5es rob\u00f3ticas"},"content":{"rendered":"<p><img loading=\"lazy\" decoding=\"async\" class=\"aligncenter size-full wp-image-8110\" src=\"https:\/\/www.tribunanf.com.br\/blogdoralfereis\/wp-content\/uploads\/sites\/11\/2021\/11\/marcelo-feres.jpeg\" alt=\"\" width=\"900\" height=\"675\" srcset=\"https:\/\/www.tribunanf.com.br\/blogdoralfereis\/wp-content\/uploads\/sites\/11\/2021\/11\/marcelo-feres.jpeg 900w, https:\/\/www.tribunanf.com.br\/blogdoralfereis\/wp-content\/uploads\/sites\/11\/2021\/11\/marcelo-feres-300x225.jpeg 300w, https:\/\/www.tribunanf.com.br\/blogdoralfereis\/wp-content\/uploads\/sites\/11\/2021\/11\/marcelo-feres-768x576.jpeg 768w\" sizes=\"auto, (max-width: 900px) 100vw, 900px\" \/><\/p>\n<p style=\"text-align: justify;\">O secret\u00e1rio de Educa\u00e7\u00e3o de Campos dos Goytacazes, Marcelo Machado Feres, publicou no Di\u00e1rio Oficial desta sexta-feira (8) o extrato de contrato para &#8220;<em>aquisi\u00e7\u00e3o de solu\u00e7\u00f5es de rob\u00f3tica educacional a serem utilizadas em atividades pr\u00e1ticas pedag\u00f3gicas, visando oportunizar melhor qualidade da educa\u00e7\u00e3o nas unidades escolares<\/em>&#8220;.<\/p>\n<p style=\"text-align: justify;\">O valor do acerto com a empresa Ekipsul Com\u00e9rcio de Equipamentos Educacionais \u00e9 de <strong>R$ 3.334.800,00 (tr\u00eas milh\u00f5es, trezentos e trinta e quatro mil e <\/strong><strong>oitocentos reais).<\/strong><\/p>\n<p style=\"text-align: justify;\">Em janeiro o blog publicou sobre o certame, <a href=\"https:\/\/www.tribunanf.com.br\/blogdoralfereis\/2022\/01\/20\/secretaria-de-educacao-de-campos-abre-licitacao-de-quase-r-7-milhoes-para-aquisicao-de-solucoes-de-robotica-educacional\/\">que tinha o valor global de quase R$ 7 milh\u00f5es<\/a>. Houve uma suposta economia no resultado final ap\u00f3s o alerta.<\/p>\n<p style=\"text-align: justify;\"><img loading=\"lazy\" decoding=\"async\" class=\"aligncenter size-full wp-image-39189\" src=\"https:\/\/www.tribunanf.com.br\/wp-content\/uploads\/2022\/04\/robotica.png\" alt=\"\" width=\"433\" height=\"336\" \/><\/p>\n<p style=\"text-align: justify;\"><strong>Laborat\u00f3rios<\/strong><\/p>\n<p style=\"text-align: justify;\">Em dezembro do ano passado, <a href=\"https:\/\/www.tribunanf.com.br\/blogdoralfereis\/2021\/12\/27\/prefeitura-de-campos-vai-pagar-r-12-milhoes-por-laboratorio-de-ciencias-e-de-matematica\/\">tamb\u00e9m foi publicado aqui o resultado da licita\u00e7\u00e3o para compra de laborat\u00f3rios de ci\u00eancias e matem\u00e1tica<\/a>. Com precis\u00e3o, a vencedora foi a not\u00f3ria encrencada Brink Mobil Equipamentos Educacionais, com um acerto de R$ R$ 12.419.798,28 (doze milh\u00f5es, quatrocentos e dezenove mil, setecentos e noventa e oito reais e vinte e oito centavos). O extrato de contrato foi publicado na \u00faltima segunda-feira (4).<\/p>\n<p style=\"text-align: justify;\">O site ClickCampos falou sobre o envolvimento da empresa na <a href=\"https:\/\/www.clickcampos.com\/2022\/04\/04\/esquemao-da-educacao-empresas-investigadas-por-fraude-e-propina-para-politicos-montam-cartel-em-licitacoes-de-campos\/\" target=\"_blank\" rel=\"noopener\">opera\u00e7\u00e3o Calv\u00e1rio<\/a>. S\u00f3 fazendo um adendo, a empresa tamb\u00e9m \u00e9 alvo de a\u00e7\u00f5es judiciais do pr\u00f3prio Fundo Nacional de Desenvolvimento da Educa\u00e7\u00e3o (FNDE), uma autarquia vinculada ao Minist\u00e9rio da Educa\u00e7\u00e3o.<\/p>\n<p style=\"text-align: justify;\"><img loading=\"lazy\" decoding=\"async\" class=\"aligncenter size-full wp-image-39190\" src=\"https:\/\/www.tribunanf.com.br\/wp-content\/uploads\/2022\/04\/laboratorio.png\" alt=\"\" width=\"427\" height=\"431\" \/><\/p>\n<p style=\"text-align: justify;\">Ali\u00e1s e a prop\u00f3sito, ontem a Folha de S\u00e3o Paulo publicou uma mat\u00e9ria sobre compra de kits de rob\u00f3tica feita pelo governo Bolsonaro, intitulada <strong><a href=\"https:\/\/www1.folha.uol.com.br\/poder\/2022\/04\/governo-bolsonaro-destina-r-26-mi-em-kit-robotica-para-escolas-sem-agua-e-computador.shtml\" target=\"_blank\" rel=\"noopener\">&#8220;Governo Bolsonaro destina R$ 26 mi em kit rob\u00f3tica para escolas sem \u00e1gua e computador&#8221;<\/a>.\u00a0<\/strong>Qualquer semelhan\u00e7a \u00e9 mera coincid\u00eancia.<\/p>\n<p style=\"text-align: justify;\">A educa\u00e7\u00e3o de Campos promete fortes emo\u00e7\u00f5es. A conferir.<\/p>\n","protected":false},"excerpt":{"rendered":"<p>O secret\u00e1rio de Educa\u00e7\u00e3o de Campos dos Goytacazes, Marcelo Machado Feres, publicou no Di\u00e1rio Oficial desta sexta-feira (8) o extrato&#8230;<\/p>\n","protected":false},"author":2,"featured_media":8110,"comment_status":"open","ping_status":"open","sticky":false,"template":"","format":"standard","meta":{"colormag_page_container_layout":"default_layout","colormag_page_sidebar_layout":"default_layout","jetpack_post_was_ever_published":false,"_jetpack_newsletter_access":"","_jetpack_dont_email_post_to_subs":false,"_jetpack_newsletter_tier_id":0,"_jetpack_memberships_contains_paywalled_content":false,"_jetpack_memberships_contains_paid_content":false,"footnotes":""},"categories":[2],"tags":[],"class_list":["post-9088","post","type-post","status-publish","format-standard","has-post-thumbnail","hentry","category-politica"],"jetpack_featured_media_url":"https:\/\/www.tribunanf.com.br\/blogdoralfereis\/wp-content\/uploads\/sites\/11\/2021\/11\/marcelo-feres.jpeg","jetpack_sharing_enabled":true,"_links":{"self":[{"href":"https:\/\/www.tribunanf.com.br\/blogdoralfereis\/wp-json\/wp\/v2\/posts\/9088","targetHints":{"allow":["GET"]}}],"collection":[{"href":"https:\/\/www.tribunanf.com.br\/blogdoralfereis\/wp-json\/wp\/v2\/posts"}],"about":[{"href":"https:\/\/www.tribunanf.com.br\/blogdoralfereis\/wp-json\/wp\/v2\/types\/post"}],"author":[{"embeddable":true,"href":"https:\/\/www.tribunanf.com.br\/blogdoralfereis\/wp-json\/wp\/v2\/users\/2"}],"replies":[{"embeddable":true,"href":"https:\/\/www.tribunanf.com.br\/blogdoralfereis\/wp-json\/wp\/v2\/comments?post=9088"}],"version-history":[{"count":0,"href":"https:\/\/www.tribunanf.com.br\/blogdoralfereis\/wp-json\/wp\/v2\/posts\/9088\/revisions"}],"wp:featuredmedia":[{"embeddable":true,"href":"https:\/\/www.tribunanf.com.br\/blogdoralfereis\/wp-json\/wp\/v2\/media\/8110"}],"wp:attachment":[{"href":"https:\/\/www.tribunanf.com.br\/blogdoralfereis\/wp-json\/wp\/v2\/media?parent=9088"}],"wp:term":[{"taxonomy":"category","embeddable":true,"href":"https:\/\/www.tribunanf.com.br\/blogdoralfereis\/wp-json\/wp\/v2\/categories?post=9088"},{"taxonomy":"post_tag","embeddable":true,"href":"https:\/\/www.tribunanf.com.br\/blogdoralfereis\/wp-json\/wp\/v2\/tags?post=9088"}],"curies":[{"name":"wp","href":"https:\/\/api.w.org\/{rel}","templated":true}]}}