{"id":9086,"date":"2022-04-07T16:32:04","date_gmt":"2022-04-07T19:32:04","guid":{"rendered":"https:\/\/www.tribunanf.com.br\/blogdoralfereis\/?p=9086"},"modified":"2022-04-07T16:32:04","modified_gmt":"2022-04-07T19:32:04","slug":"prefeitura-de-campos-paga-salarios-de-servidores-nesta-sexta-feira-8","status":"publish","type":"post","link":"https:\/\/www.tribunanf.com.br\/blogdoralfereis\/2022\/04\/07\/prefeitura-de-campos-paga-salarios-de-servidores-nesta-sexta-feira-8\/","title":{"rendered":"Prefeitura de Campos paga sal\u00e1rios de servidores nesta sexta-feira (8)"},"content":{"rendered":"<p><img loading=\"lazy\" decoding=\"async\" class=\"aligncenter size-large wp-image-8789\" src=\"https:\/\/www.tribunanf.com.br\/blogdoralfereis\/wp-content\/uploads\/sites\/11\/2022\/03\/wlad-1024x573.png\" alt=\"\" width=\"800\" height=\"448\" \/><\/p>\n<p style=\"text-align: justify;\">A prefeitura de Campos paga os sal\u00e1rios dos servidores referente a mar\u00e7o nesta sexta-feira (8). O an\u00fancio foi feito pelo prefeito Wladimir Garotinho nas redes sociais.<\/p>\n<p style=\"text-align: justify;\">&#8220;<em>O pagamento dos funcion\u00e1rios da prefeitura que estava previsto para segunda (11\/04) ser\u00e1 antecipado para amanh\u00e3, sexta (08\/04). Que todos tenham um final de semana de paz<\/em>.&#8221;, disse Wladimir.<\/p>\n<blockquote class=\"twitter-tweet\" data-width=\"550\" data-dnt=\"true\">\n<p lang=\"pt\" dir=\"ltr\">O pagamento dos funcion\u00e1rios da prefeitura que estava previsto para segunda (11\/04) ser\u00e1 antecipado para amanh\u00e3, sexta (08\/04). Que todos tenham um final de semana de paz.<\/p>\n<p>&mdash; Wladimir Garotinho (@WladGarotinho) <a href=\"https:\/\/twitter.com\/WladGarotinho\/status\/1512147579936587782?ref_src=twsrc%5Etfw\" target=\"_blank\" rel=\"noopener\">April 7, 2022<\/a><\/p><\/blockquote>\n<p><script async src=\"https:\/\/platform.twitter.com\/widgets.js\" charset=\"utf-8\"><\/script><\/p>\n","protected":false},"excerpt":{"rendered":"<p>A prefeitura de Campos paga os sal\u00e1rios dos servidores referente a mar\u00e7o nesta sexta-feira (8). O an\u00fancio foi feito pelo&#8230;<\/p>\n","protected":false},"author":2,"featured_media":8789,"comment_status":"open","ping_status":"open","sticky":false,"template":"","format":"standard","meta":{"colormag_page_container_layout":"default_layout","colormag_page_sidebar_layout":"default_layout","jetpack_post_was_ever_published":false,"_jetpack_newsletter_access":"","_jetpack_dont_email_post_to_subs":false,"_jetpack_newsletter_tier_id":0,"_jetpack_memberships_contains_paywalled_content":false,"_jetpack_memberships_contains_paid_content":false,"footnotes":""},"categories":[2],"tags":[],"class_list":["post-9086","post","type-post","status-publish","format-standard","has-post-thumbnail","hentry","category-politica"],"jetpack_featured_media_url":"https:\/\/www.tribunanf.com.br\/blogdoralfereis\/wp-content\/uploads\/sites\/11\/2022\/03\/wlad-e1646775402199.png","jetpack_sharing_enabled":true,"_links":{"self":[{"href":"https:\/\/www.tribunanf.com.br\/blogdoralfereis\/wp-json\/wp\/v2\/posts\/9086","targetHints":{"allow":["GET"]}}],"collection":[{"href":"https:\/\/www.tribunanf.com.br\/blogdoralfereis\/wp-json\/wp\/v2\/posts"}],"about":[{"href":"https:\/\/www.tribunanf.com.br\/blogdoralfereis\/wp-json\/wp\/v2\/types\/post"}],"author":[{"embeddable":true,"href":"https:\/\/www.tribunanf.com.br\/blogdoralfereis\/wp-json\/wp\/v2\/users\/2"}],"replies":[{"embeddable":true,"href":"https:\/\/www.tribunanf.com.br\/blogdoralfereis\/wp-json\/wp\/v2\/comments?post=9086"}],"version-history":[{"count":0,"href":"https:\/\/www.tribunanf.com.br\/blogdoralfereis\/wp-json\/wp\/v2\/posts\/9086\/revisions"}],"wp:featuredmedia":[{"embeddable":true,"href":"https:\/\/www.tribunanf.com.br\/blogdoralfereis\/wp-json\/wp\/v2\/media\/8789"}],"wp:attachment":[{"href":"https:\/\/www.tribunanf.com.br\/blogdoralfereis\/wp-json\/wp\/v2\/media?parent=9086"}],"wp:term":[{"taxonomy":"category","embeddable":true,"href":"https:\/\/www.tribunanf.com.br\/blogdoralfereis\/wp-json\/wp\/v2\/categories?post=9086"},{"taxonomy":"post_tag","embeddable":true,"href":"https:\/\/www.tribunanf.com.br\/blogdoralfereis\/wp-json\/wp\/v2\/tags?post=9086"}],"curies":[{"name":"wp","href":"https:\/\/api.w.org\/{rel}","templated":true}]}}