{"id":9035,"date":"2022-04-02T09:00:46","date_gmt":"2022-04-02T12:00:46","guid":{"rendered":"https:\/\/www.tribunanf.com.br\/blogdoralfereis\/?p=9035"},"modified":"2022-04-02T09:10:13","modified_gmt":"2022-04-02T12:10:13","slug":"pre-candidato-a-deputado-federal-caio-vianna-se-filia-ao-psd","status":"publish","type":"post","link":"https:\/\/www.tribunanf.com.br\/blogdoralfereis\/2022\/04\/02\/pre-candidato-a-deputado-federal-caio-vianna-se-filia-ao-psd\/","title":{"rendered":"Pr\u00e9-candidato a deputado federal, Caio Vianna se filia ao PSD"},"content":{"rendered":"<p><img loading=\"lazy\" decoding=\"async\" class=\"aligncenter size-full wp-image-9036\" src=\"https:\/\/www.tribunanf.com.br\/blogdoralfereis\/wp-content\/uploads\/sites\/11\/2022\/04\/6FA9D645-E6D6-44E4-A064-8EB0FD362A65-543x360-1.jpeg\" alt=\"\" width=\"643\" height=\"426\" srcset=\"https:\/\/www.tribunanf.com.br\/blogdoralfereis\/wp-content\/uploads\/sites\/11\/2022\/04\/6FA9D645-E6D6-44E4-A064-8EB0FD362A65-543x360-1.jpeg 643w, https:\/\/www.tribunanf.com.br\/blogdoralfereis\/wp-content\/uploads\/sites\/11\/2022\/04\/6FA9D645-E6D6-44E4-A064-8EB0FD362A65-543x360-1-300x199.jpeg 300w\" sizes=\"auto, (max-width: 643px) 100vw, 643px\" \/><\/p>\n<p style=\"text-align: justify;\">O \u00faltimo dia da janela partid\u00e1ria, o pr\u00e9-candidato a deputado federal Caio Vianna deixou o PDT e se filiou ao PSD do prefeito do Rio Eduardo Paes.<\/p>\n<p style=\"text-align: justify;\">\u201cTenho uma hist\u00f3ria de 16 anos no PDT, onde presidi a juventude e disputei elei\u00e7\u00f5es. Mas pensando em fortalecer la\u00e7os, ampliar parcerias, me filiei ao PSD ap\u00f3s convite do prefeito do Rio, Eduardo Paes. E contou muito o fato do PSD estar ao lado do PDT em uma composi\u00e7\u00e3o estadual\u201d, disse Caio.<\/p>\n<p style=\"text-align: justify;\">Candidato a prefeito de Campos em 2020 com 110 mil votos, Caio ainda alfinetou a fam\u00edlia Garotinho.<\/p>\n<p style=\"text-align: justify;\">\u201cN\u00e3o temos tempos para projetos pessoais e familiares que visam apenas o poder e esquecem do bem estar da popula\u00e7\u00e3o, como a fam\u00edlia Garotinho sempre faz\u201d.<\/p>\n","protected":false},"excerpt":{"rendered":"<p>O \u00faltimo dia da janela partid\u00e1ria, o pr\u00e9-candidato a deputado federal Caio Vianna deixou o PDT e se filiou ao&#8230;<\/p>\n","protected":false},"author":2,"featured_media":9036,"comment_status":"open","ping_status":"open","sticky":false,"template":"","format":"standard","meta":{"colormag_page_container_layout":"default_layout","colormag_page_sidebar_layout":"default_layout","jetpack_post_was_ever_published":false,"_jetpack_newsletter_access":"","_jetpack_dont_email_post_to_subs":false,"_jetpack_newsletter_tier_id":0,"_jetpack_memberships_contains_paywalled_content":false,"_jetpack_memberships_contains_paid_content":false,"footnotes":""},"categories":[2],"tags":[],"class_list":["post-9035","post","type-post","status-publish","format-standard","has-post-thumbnail","hentry","category-politica"],"jetpack_featured_media_url":"https:\/\/www.tribunanf.com.br\/blogdoralfereis\/wp-content\/uploads\/sites\/11\/2022\/04\/6FA9D645-E6D6-44E4-A064-8EB0FD362A65-543x360-1.jpeg","jetpack_sharing_enabled":true,"_links":{"self":[{"href":"https:\/\/www.tribunanf.com.br\/blogdoralfereis\/wp-json\/wp\/v2\/posts\/9035","targetHints":{"allow":["GET"]}}],"collection":[{"href":"https:\/\/www.tribunanf.com.br\/blogdoralfereis\/wp-json\/wp\/v2\/posts"}],"about":[{"href":"https:\/\/www.tribunanf.com.br\/blogdoralfereis\/wp-json\/wp\/v2\/types\/post"}],"author":[{"embeddable":true,"href":"https:\/\/www.tribunanf.com.br\/blogdoralfereis\/wp-json\/wp\/v2\/users\/2"}],"replies":[{"embeddable":true,"href":"https:\/\/www.tribunanf.com.br\/blogdoralfereis\/wp-json\/wp\/v2\/comments?post=9035"}],"version-history":[{"count":0,"href":"https:\/\/www.tribunanf.com.br\/blogdoralfereis\/wp-json\/wp\/v2\/posts\/9035\/revisions"}],"wp:featuredmedia":[{"embeddable":true,"href":"https:\/\/www.tribunanf.com.br\/blogdoralfereis\/wp-json\/wp\/v2\/media\/9036"}],"wp:attachment":[{"href":"https:\/\/www.tribunanf.com.br\/blogdoralfereis\/wp-json\/wp\/v2\/media?parent=9035"}],"wp:term":[{"taxonomy":"category","embeddable":true,"href":"https:\/\/www.tribunanf.com.br\/blogdoralfereis\/wp-json\/wp\/v2\/categories?post=9035"},{"taxonomy":"post_tag","embeddable":true,"href":"https:\/\/www.tribunanf.com.br\/blogdoralfereis\/wp-json\/wp\/v2\/tags?post=9035"}],"curies":[{"name":"wp","href":"https:\/\/api.w.org\/{rel}","templated":true}]}}