{"id":9016,"date":"2022-04-02T09:02:28","date_gmt":"2022-04-02T12:02:28","guid":{"rendered":"https:\/\/www.tribunanf.com.br\/blogdoralfereis\/?p=9016"},"modified":"2022-04-02T09:03:56","modified_gmt":"2022-04-02T12:03:56","slug":"blog-completa-12-anos","status":"publish","type":"post","link":"https:\/\/www.tribunanf.com.br\/blogdoralfereis\/2022\/04\/02\/blog-completa-12-anos\/","title":{"rendered":"12 anos no ar"},"content":{"rendered":"<p><img loading=\"lazy\" decoding=\"async\" class=\"aligncenter size-full wp-image-9018\" src=\"https:\/\/www.tribunanf.com.br\/blogdoralfereis\/wp-content\/uploads\/sites\/11\/2022\/04\/ruben-berta-reporter-do-uol-jornalismo-investigativo-740x411-1.jpg\" alt=\"\" width=\"740\" height=\"411\" srcset=\"https:\/\/www.tribunanf.com.br\/blogdoralfereis\/wp-content\/uploads\/sites\/11\/2022\/04\/ruben-berta-reporter-do-uol-jornalismo-investigativo-740x411-1.jpg 740w, https:\/\/www.tribunanf.com.br\/blogdoralfereis\/wp-content\/uploads\/sites\/11\/2022\/04\/ruben-berta-reporter-do-uol-jornalismo-investigativo-740x411-1-300x167.jpg 300w\" sizes=\"auto, (max-width: 740px) 100vw, 740px\" \/><\/p>\n<p style=\"text-align: justify;\">2 de abril de 2010, foi nessa data que iniciei na blogosfera, completando neste s\u00e1bado doze anos no ar. O blog come\u00e7ou no antigo <a href=\"http:\/\/blogralfereis.blogspot.com\/\" target=\"_blank\" rel=\"noopener\">http:\/\/blogralfereis.blogspot.com\/, <\/a>e, ao longo do tempo, passando pelo extinto jornal O Di\u00e1rio e atualmente hospedado no Jornal Online <strong><a href=\"https:\/\/www.tribunanf.com.br\/\">Tribuna NF<\/a><\/strong>.<\/p>\n<p style=\"text-align: justify;\">Naquela \u00e9poca, ainda sem a for\u00e7a das redes sociais (algumas nem existiam), o blog tinha pouqu\u00edssimos leitores, que foram se tornando fieis ao trabalho desenvolvido e, ao longo do tempo, foi aumentando a cada dia o n\u00famero de pessoas que confiaram nas informa\u00e7\u00f5es publicadas. O foco principal sempre foi pol\u00edtica e administra\u00e7\u00e3o p\u00fablica, o que n\u00e3o era de muito interesse da maioria da popula\u00e7\u00e3o, mas que com o advindo das redes sociais foi se ampliando com o tempo.<\/p>\n<p style=\"text-align: justify;\">Foram muitas emo\u00e7\u00f5es ao longo desses anos. Mat\u00e9rias exclusivas que ganharam repercuss\u00e3o nacional, outras que contribu\u00edram com os \u00f3rg\u00e3os de controle, embasando abertura de a\u00e7\u00f5es civis p\u00fablicas e investiga\u00e7\u00f5es que culminaram em opera\u00e7\u00f5es policiais na regi\u00e3o e at\u00e9 em Bras\u00edlia, chegando a levar o afastamento de um prefeito por um ano devido a robustez das provas publicadas aqui.<\/p>\n<p style=\"text-align: justify;\">O objetivo do jornalismo \u00e9 levar a informa\u00e7\u00e3o correta \u00e0 popula\u00e7\u00e3o, principalmente aquela que todo agente p\u00fablico tenta esconder. Outra, quando apontado algo que est\u00e1 errado o objeto tamb\u00e9m \u00e9 fazer com que o agente p\u00fablico recue e corrija seus atos. E claro, n\u00e3o voltando atr\u00e1s de algum ato lesivo ao er\u00e1rio, temos obriga\u00e7\u00e3o de mostrar aos \u00f3rg\u00e3os de controle o caminho para interromper a sangria do desvio do dinheiro p\u00fablico.<\/p>\n<p style=\"text-align: justify;\">Tamb\u00e9m tive momentos de entreveros com os pr\u00f3prios \u00f3rg\u00e3os de controle, quando houve alguns excessos. Mas s\u00e3o \u00e1guas passadas.<\/p>\n<p style=\"text-align: justify;\">Mat\u00e9rias que ganharam repercuss\u00e3o nacional e at\u00e9 internacional foram muitas. E muita das vezes a imprensa nacional n\u00e3o citou a verdadeira fonte. Mas tamb\u00e9m existem sites nacionais independentes com \u00e9tica que citam a fonte original da informa\u00e7\u00e3o. Um exemplo mais recente foi quando publiquei em primeira m\u00e3o o documento da PGR que pedia a pris\u00e3o e afastamento do ex-governador Wilson Witzel. Boa parte da imprensa independente citou a fonte, e a outros ve\u00edculos nacionais, que est\u00e3o em decad\u00eancia, n\u00e3o citaram.<\/p>\n<p style=\"text-align: justify;\">Mas al\u00e9m disso, para o profissional de imprensa n\u00e3o h\u00e1 nada mais satisfat\u00f3rio do que saber que os poderosos, a turma do andar de cima, se incomodam quando denunciamos algo. Mesmo quando vem com alguma amea\u00e7a, mo\u00e7\u00f5es de rep\u00fadio e notifica\u00e7\u00f5es, o que \u00e9 perda de tempo.<\/p>\n<p style=\"text-align: justify;\">Bom, mas o blog que iniciou antes do per\u00edodo da Lava Jato, acompanhou as opera\u00e7\u00f5es e agora o p\u00f3s Lava Jato, pode afirmar: nada mudou. A roubalheira segue firme por a\u00ed.<\/p>\n<p style=\"text-align: justify;\">E a gente segue monitorando.<\/p>\n<p style=\"text-align: justify;\">Obrigados aos leitores. Sigamos em frente.<\/p>\n","protected":false},"excerpt":{"rendered":"<p>2 de abril de 2010, foi nessa data que iniciei na blogosfera, completando neste s\u00e1bado doze anos no ar. O&#8230;<\/p>\n","protected":false},"author":2,"featured_media":9018,"comment_status":"open","ping_status":"open","sticky":false,"template":"","format":"standard","meta":{"colormag_page_container_layout":"default_layout","colormag_page_sidebar_layout":"default_layout","jetpack_post_was_ever_published":false,"_jetpack_newsletter_access":"","_jetpack_dont_email_post_to_subs":false,"_jetpack_newsletter_tier_id":0,"_jetpack_memberships_contains_paywalled_content":false,"_jetpack_memberships_contains_paid_content":false,"footnotes":""},"categories":[45],"tags":[],"class_list":["post-9016","post","type-post","status-publish","format-standard","has-post-thumbnail","hentry","category-variedade"],"jetpack_featured_media_url":"https:\/\/www.tribunanf.com.br\/blogdoralfereis\/wp-content\/uploads\/sites\/11\/2022\/04\/ruben-berta-reporter-do-uol-jornalismo-investigativo-740x411-1.jpg","jetpack_sharing_enabled":true,"_links":{"self":[{"href":"https:\/\/www.tribunanf.com.br\/blogdoralfereis\/wp-json\/wp\/v2\/posts\/9016","targetHints":{"allow":["GET"]}}],"collection":[{"href":"https:\/\/www.tribunanf.com.br\/blogdoralfereis\/wp-json\/wp\/v2\/posts"}],"about":[{"href":"https:\/\/www.tribunanf.com.br\/blogdoralfereis\/wp-json\/wp\/v2\/types\/post"}],"author":[{"embeddable":true,"href":"https:\/\/www.tribunanf.com.br\/blogdoralfereis\/wp-json\/wp\/v2\/users\/2"}],"replies":[{"embeddable":true,"href":"https:\/\/www.tribunanf.com.br\/blogdoralfereis\/wp-json\/wp\/v2\/comments?post=9016"}],"version-history":[{"count":0,"href":"https:\/\/www.tribunanf.com.br\/blogdoralfereis\/wp-json\/wp\/v2\/posts\/9016\/revisions"}],"wp:featuredmedia":[{"embeddable":true,"href":"https:\/\/www.tribunanf.com.br\/blogdoralfereis\/wp-json\/wp\/v2\/media\/9018"}],"wp:attachment":[{"href":"https:\/\/www.tribunanf.com.br\/blogdoralfereis\/wp-json\/wp\/v2\/media?parent=9016"}],"wp:term":[{"taxonomy":"category","embeddable":true,"href":"https:\/\/www.tribunanf.com.br\/blogdoralfereis\/wp-json\/wp\/v2\/categories?post=9016"},{"taxonomy":"post_tag","embeddable":true,"href":"https:\/\/www.tribunanf.com.br\/blogdoralfereis\/wp-json\/wp\/v2\/tags?post=9016"}],"curies":[{"name":"wp","href":"https:\/\/api.w.org\/{rel}","templated":true}]}}