{"id":9003,"date":"2022-03-30T18:53:00","date_gmt":"2022-03-30T21:53:00","guid":{"rendered":"https:\/\/www.tribunanf.com.br\/blogdoralfereis\/?p=9003"},"modified":"2022-03-30T18:53:00","modified_gmt":"2022-03-30T21:53:00","slug":"sessao-na-camara-de-campos-e-encerrada-apos-tumulto-entre-claques","status":"publish","type":"post","link":"https:\/\/www.tribunanf.com.br\/blogdoralfereis\/2022\/03\/30\/sessao-na-camara-de-campos-e-encerrada-apos-tumulto-entre-claques\/","title":{"rendered":"Sess\u00e3o na C\u00e2mara de Campos \u00e9 encerrada ap\u00f3s tumulto entre claques"},"content":{"rendered":"<p><img loading=\"lazy\" decoding=\"async\" class=\"aligncenter size-large wp-image-9004\" src=\"https:\/\/www.tribunanf.com.br\/blogdoralfereis\/wp-content\/uploads\/sites\/11\/2022\/03\/WhatsApp-Image-2022-03-30-at-18.50.23-1024x822.jpeg\" alt=\"\" width=\"800\" height=\"642\" srcset=\"https:\/\/www.tribunanf.com.br\/blogdoralfereis\/wp-content\/uploads\/sites\/11\/2022\/03\/WhatsApp-Image-2022-03-30-at-18.50.23-1024x822.jpeg 1024w, https:\/\/www.tribunanf.com.br\/blogdoralfereis\/wp-content\/uploads\/sites\/11\/2022\/03\/WhatsApp-Image-2022-03-30-at-18.50.23-300x241.jpeg 300w, https:\/\/www.tribunanf.com.br\/blogdoralfereis\/wp-content\/uploads\/sites\/11\/2022\/03\/WhatsApp-Image-2022-03-30-at-18.50.23-768x617.jpeg 768w, https:\/\/www.tribunanf.com.br\/blogdoralfereis\/wp-content\/uploads\/sites\/11\/2022\/03\/WhatsApp-Image-2022-03-30-at-18.50.23.jpeg 1080w\" sizes=\"auto, (max-width: 800px) 100vw, 800px\" \/><\/p>\n<p style=\"text-align: justify;\">A sess\u00e3o ordin\u00e1ria da C\u00e2mara de Vereadores de Campos, desta quarta-feira (30), foi mais uma vez encerrada ap\u00f3s tumulto.<\/p>\n<p style=\"text-align: justify;\">Claques da oposi\u00e7\u00e3o e situa\u00e7\u00e3o se desentenderam e a sess\u00e3o foi suspensa por dez minutos. Ap\u00f3s o retorno, houve nova confus\u00e3o e o presidente encerrou a sess\u00e3o.<\/p>\n","protected":false},"excerpt":{"rendered":"<p>A sess\u00e3o ordin\u00e1ria da C\u00e2mara de Vereadores de Campos, desta quarta-feira (30), foi mais uma vez encerrada ap\u00f3s tumulto. Claques&#8230;<\/p>\n","protected":false},"author":2,"featured_media":9004,"comment_status":"open","ping_status":"open","sticky":false,"template":"","format":"standard","meta":{"colormag_page_container_layout":"default_layout","colormag_page_sidebar_layout":"default_layout","jetpack_post_was_ever_published":false,"_jetpack_newsletter_access":"","_jetpack_dont_email_post_to_subs":false,"_jetpack_newsletter_tier_id":0,"_jetpack_memberships_contains_paywalled_content":false,"_jetpack_memberships_contains_paid_content":false,"footnotes":""},"categories":[2],"tags":[],"class_list":["post-9003","post","type-post","status-publish","format-standard","has-post-thumbnail","hentry","category-politica"],"jetpack_featured_media_url":"https:\/\/www.tribunanf.com.br\/blogdoralfereis\/wp-content\/uploads\/sites\/11\/2022\/03\/WhatsApp-Image-2022-03-30-at-18.50.23.jpeg","jetpack_sharing_enabled":true,"_links":{"self":[{"href":"https:\/\/www.tribunanf.com.br\/blogdoralfereis\/wp-json\/wp\/v2\/posts\/9003","targetHints":{"allow":["GET"]}}],"collection":[{"href":"https:\/\/www.tribunanf.com.br\/blogdoralfereis\/wp-json\/wp\/v2\/posts"}],"about":[{"href":"https:\/\/www.tribunanf.com.br\/blogdoralfereis\/wp-json\/wp\/v2\/types\/post"}],"author":[{"embeddable":true,"href":"https:\/\/www.tribunanf.com.br\/blogdoralfereis\/wp-json\/wp\/v2\/users\/2"}],"replies":[{"embeddable":true,"href":"https:\/\/www.tribunanf.com.br\/blogdoralfereis\/wp-json\/wp\/v2\/comments?post=9003"}],"version-history":[{"count":0,"href":"https:\/\/www.tribunanf.com.br\/blogdoralfereis\/wp-json\/wp\/v2\/posts\/9003\/revisions"}],"wp:featuredmedia":[{"embeddable":true,"href":"https:\/\/www.tribunanf.com.br\/blogdoralfereis\/wp-json\/wp\/v2\/media\/9004"}],"wp:attachment":[{"href":"https:\/\/www.tribunanf.com.br\/blogdoralfereis\/wp-json\/wp\/v2\/media?parent=9003"}],"wp:term":[{"taxonomy":"category","embeddable":true,"href":"https:\/\/www.tribunanf.com.br\/blogdoralfereis\/wp-json\/wp\/v2\/categories?post=9003"},{"taxonomy":"post_tag","embeddable":true,"href":"https:\/\/www.tribunanf.com.br\/blogdoralfereis\/wp-json\/wp\/v2\/tags?post=9003"}],"curies":[{"name":"wp","href":"https:\/\/api.w.org\/{rel}","templated":true}]}}