{"id":8995,"date":"2022-03-30T14:59:20","date_gmt":"2022-03-30T17:59:20","guid":{"rendered":"https:\/\/www.tribunanf.com.br\/blogdoralfereis\/?p=8995"},"modified":"2022-03-30T15:22:33","modified_gmt":"2022-03-30T18:22:33","slug":"subsecretario-de-educacao-de-campos-frederico-rangel-pede-exoneracao","status":"publish","type":"post","link":"https:\/\/www.tribunanf.com.br\/blogdoralfereis\/2022\/03\/30\/subsecretario-de-educacao-de-campos-frederico-rangel-pede-exoneracao\/","title":{"rendered":"Subsecret\u00e1rio de Educa\u00e7\u00e3o de Campos Frederico Rangel pede exonera\u00e7\u00e3o"},"content":{"rendered":"<p><img loading=\"lazy\" decoding=\"async\" class=\"aligncenter size-large wp-image-8996\" src=\"https:\/\/www.tribunanf.com.br\/blogdoralfereis\/wp-content\/uploads\/sites\/11\/2022\/03\/Frederico-Rangel-AL-8-1024x670.jpg\" alt=\"\" width=\"800\" height=\"523\" srcset=\"https:\/\/www.tribunanf.com.br\/blogdoralfereis\/wp-content\/uploads\/sites\/11\/2022\/03\/Frederico-Rangel-AL-8-1024x670.jpg 1024w, https:\/\/www.tribunanf.com.br\/blogdoralfereis\/wp-content\/uploads\/sites\/11\/2022\/03\/Frederico-Rangel-AL-8-300x196.jpg 300w, https:\/\/www.tribunanf.com.br\/blogdoralfereis\/wp-content\/uploads\/sites\/11\/2022\/03\/Frederico-Rangel-AL-8-768x503.jpg 768w, https:\/\/www.tribunanf.com.br\/blogdoralfereis\/wp-content\/uploads\/sites\/11\/2022\/03\/Frederico-Rangel-AL-8.jpg 1280w\" sizes=\"auto, (max-width: 800px) 100vw, 800px\" \/><\/p>\n<p style=\"text-align: justify;\">O subsecret\u00e1rio de Educa\u00e7\u00e3o de Campos, professor Frederico Rangel, entregou hoje pedido de exonera\u00e7\u00e3o do cargo na secretaria de educa\u00e7\u00e3o e prefeitura.<\/p>\n<p style=\"text-align: justify;\">Fred far\u00e1 uma live nas redes sociais amanh\u00e3, \u00e0s 11h, explicandos aos professores os motivos que o levaram a pedir exonera\u00e7\u00e3o.<\/p>\n","protected":false},"excerpt":{"rendered":"<p>O subsecret\u00e1rio de Educa\u00e7\u00e3o de Campos, professor Frederico Rangel, entregou hoje pedido de exonera\u00e7\u00e3o do cargo na secretaria de educa\u00e7\u00e3o&#8230;<\/p>\n","protected":false},"author":2,"featured_media":8996,"comment_status":"open","ping_status":"open","sticky":false,"template":"","format":"standard","meta":{"colormag_page_container_layout":"default_layout","colormag_page_sidebar_layout":"default_layout","jetpack_post_was_ever_published":false,"_jetpack_newsletter_access":"","_jetpack_dont_email_post_to_subs":false,"_jetpack_newsletter_tier_id":0,"_jetpack_memberships_contains_paywalled_content":false,"_jetpack_memberships_contains_paid_content":false,"footnotes":""},"categories":[2],"tags":[],"class_list":["post-8995","post","type-post","status-publish","format-standard","has-post-thumbnail","hentry","category-politica"],"jetpack_featured_media_url":"https:\/\/www.tribunanf.com.br\/blogdoralfereis\/wp-content\/uploads\/sites\/11\/2022\/03\/Frederico-Rangel-AL-8.jpg","jetpack_sharing_enabled":true,"_links":{"self":[{"href":"https:\/\/www.tribunanf.com.br\/blogdoralfereis\/wp-json\/wp\/v2\/posts\/8995","targetHints":{"allow":["GET"]}}],"collection":[{"href":"https:\/\/www.tribunanf.com.br\/blogdoralfereis\/wp-json\/wp\/v2\/posts"}],"about":[{"href":"https:\/\/www.tribunanf.com.br\/blogdoralfereis\/wp-json\/wp\/v2\/types\/post"}],"author":[{"embeddable":true,"href":"https:\/\/www.tribunanf.com.br\/blogdoralfereis\/wp-json\/wp\/v2\/users\/2"}],"replies":[{"embeddable":true,"href":"https:\/\/www.tribunanf.com.br\/blogdoralfereis\/wp-json\/wp\/v2\/comments?post=8995"}],"version-history":[{"count":0,"href":"https:\/\/www.tribunanf.com.br\/blogdoralfereis\/wp-json\/wp\/v2\/posts\/8995\/revisions"}],"wp:featuredmedia":[{"embeddable":true,"href":"https:\/\/www.tribunanf.com.br\/blogdoralfereis\/wp-json\/wp\/v2\/media\/8996"}],"wp:attachment":[{"href":"https:\/\/www.tribunanf.com.br\/blogdoralfereis\/wp-json\/wp\/v2\/media?parent=8995"}],"wp:term":[{"taxonomy":"category","embeddable":true,"href":"https:\/\/www.tribunanf.com.br\/blogdoralfereis\/wp-json\/wp\/v2\/categories?post=8995"},{"taxonomy":"post_tag","embeddable":true,"href":"https:\/\/www.tribunanf.com.br\/blogdoralfereis\/wp-json\/wp\/v2\/tags?post=8995"}],"curies":[{"name":"wp","href":"https:\/\/api.w.org\/{rel}","templated":true}]}}