{"id":8985,"date":"2022-03-30T10:35:19","date_gmt":"2022-03-30T13:35:19","guid":{"rendered":"https:\/\/www.tribunanf.com.br\/blogdoralfereis\/?p=8985"},"modified":"2022-03-30T11:27:30","modified_gmt":"2022-03-30T14:27:30","slug":"em-meio-a-tumulto-camara-de-campos-aprova-equiparacao-salarial-dos-professores-municipais-com-o-piso-nacional","status":"publish","type":"post","link":"https:\/\/www.tribunanf.com.br\/blogdoralfereis\/2022\/03\/30\/em-meio-a-tumulto-camara-de-campos-aprova-equiparacao-salarial-dos-professores-municipais-com-o-piso-nacional\/","title":{"rendered":"Em meio a tumulto, C\u00e2mara de Campos aprova equipara\u00e7\u00e3o salarial dos professores municipais com o piso nacional"},"content":{"rendered":"<p><img loading=\"lazy\" decoding=\"async\" class=\"aligncenter size-large wp-image-8755\" src=\"https:\/\/www.tribunanf.com.br\/blogdoralfereis\/wp-content\/uploads\/sites\/11\/2022\/02\/Camara-foto-noite_Easy-Resize.com_-1024x768.jpg\" alt=\"\" width=\"800\" height=\"600\" \/><\/p>\n<p style=\"text-align: justify;\">Em meio a tumulto devido ao pedido para destituir F\u00e1bio Ribeiro do cargo de presidente, a C\u00e2mara Municipal de Campos aprovou nessa ter\u00e7a-feira (29) o Projeto de Lei n\u00famero 0008\/22, de autoria do prefeito Wladimir Garotinho, que garante aos professores municipais a equipara\u00e7\u00e3o ao piso nacional. Ser\u00e3o beneficiados mais de tr\u00eas mil professores da ativa e mil aposentados e pensionistas que hoje est\u00e3o inativos pela regra de paridade e que ainda n\u00e3o recebem o piso nacional. Em alguns casos, o aumento no sal\u00e1rio devido a equipara\u00e7\u00e3o chegar\u00e1 a 50%, segundo informa\u00e7\u00f5es da Prefeitura de Campos. A medida segue as regras adotadas pela Portaria 67, de 04 de fevereiro, do Governo Federal.<\/p>\n<p style=\"text-align: justify;\">J\u00e1 as emendas da bancada de oposi\u00e7\u00e3o que beneficiariam os professores I no reajuste foi retirado pelo presidente F\u00e1bio Ribeiro.<\/p>\n<p style=\"text-align: justify;\"><strong>Leia tamb\u00e9m: <a href=\"https:\/\/www.tribunanf.com.br\/blogdoralfereis\/2022\/03\/29\/bancada-de-oposicao-apresenta-requerimento-de-destituicao-de-fabio-ribeiro-da-presidencia-da-camara\/\" target=\"_blank\" rel=\"noopener\">Bancada de Oposi\u00e7\u00e3o apresenta requerimento de destitui\u00e7\u00e3o de F\u00e1bio Ribeiro da presid\u00eancia da C\u00e2mara<\/a><\/strong><\/p>\n","protected":false},"excerpt":{"rendered":"<p>Em meio a tumulto devido ao pedido para destituir F\u00e1bio Ribeiro do cargo de presidente, a C\u00e2mara Municipal de Campos&#8230;<\/p>\n","protected":false},"author":2,"featured_media":8755,"comment_status":"open","ping_status":"open","sticky":false,"template":"","format":"standard","meta":{"colormag_page_container_layout":"default_layout","colormag_page_sidebar_layout":"default_layout","jetpack_post_was_ever_published":false,"_jetpack_newsletter_access":"","_jetpack_dont_email_post_to_subs":false,"_jetpack_newsletter_tier_id":0,"_jetpack_memberships_contains_paywalled_content":false,"_jetpack_memberships_contains_paid_content":false,"footnotes":""},"categories":[2],"tags":[],"class_list":["post-8985","post","type-post","status-publish","format-standard","has-post-thumbnail","hentry","category-politica"],"jetpack_featured_media_url":"https:\/\/www.tribunanf.com.br\/blogdoralfereis\/wp-content\/uploads\/sites\/11\/2022\/02\/Camara-foto-noite_Easy-Resize.com_-e1645791208327.jpg","jetpack_sharing_enabled":true,"_links":{"self":[{"href":"https:\/\/www.tribunanf.com.br\/blogdoralfereis\/wp-json\/wp\/v2\/posts\/8985","targetHints":{"allow":["GET"]}}],"collection":[{"href":"https:\/\/www.tribunanf.com.br\/blogdoralfereis\/wp-json\/wp\/v2\/posts"}],"about":[{"href":"https:\/\/www.tribunanf.com.br\/blogdoralfereis\/wp-json\/wp\/v2\/types\/post"}],"author":[{"embeddable":true,"href":"https:\/\/www.tribunanf.com.br\/blogdoralfereis\/wp-json\/wp\/v2\/users\/2"}],"replies":[{"embeddable":true,"href":"https:\/\/www.tribunanf.com.br\/blogdoralfereis\/wp-json\/wp\/v2\/comments?post=8985"}],"version-history":[{"count":0,"href":"https:\/\/www.tribunanf.com.br\/blogdoralfereis\/wp-json\/wp\/v2\/posts\/8985\/revisions"}],"wp:featuredmedia":[{"embeddable":true,"href":"https:\/\/www.tribunanf.com.br\/blogdoralfereis\/wp-json\/wp\/v2\/media\/8755"}],"wp:attachment":[{"href":"https:\/\/www.tribunanf.com.br\/blogdoralfereis\/wp-json\/wp\/v2\/media?parent=8985"}],"wp:term":[{"taxonomy":"category","embeddable":true,"href":"https:\/\/www.tribunanf.com.br\/blogdoralfereis\/wp-json\/wp\/v2\/categories?post=8985"},{"taxonomy":"post_tag","embeddable":true,"href":"https:\/\/www.tribunanf.com.br\/blogdoralfereis\/wp-json\/wp\/v2\/tags?post=8985"}],"curies":[{"name":"wp","href":"https:\/\/api.w.org\/{rel}","templated":true}]}}