{"id":8975,"date":"2022-03-29T18:46:20","date_gmt":"2022-03-29T21:46:20","guid":{"rendered":"https:\/\/www.tribunanf.com.br\/blogdoralfereis\/?p=8975"},"modified":"2022-03-29T19:06:54","modified_gmt":"2022-03-29T22:06:54","slug":"primeira-dama-tassiana-oliveira-se-filia-ao-uniao-brasil","status":"publish","type":"post","link":"https:\/\/www.tribunanf.com.br\/blogdoralfereis\/2022\/03\/29\/primeira-dama-tassiana-oliveira-se-filia-ao-uniao-brasil\/","title":{"rendered":"Primeira-dama Tassiana Oliveira se filia ao Uni\u00e3o Brasil"},"content":{"rendered":"<p><img loading=\"lazy\" decoding=\"async\" class=\"aligncenter size-full wp-image-8976\" src=\"https:\/\/www.tribunanf.com.br\/blogdoralfereis\/wp-content\/uploads\/sites\/11\/2022\/03\/WhatsApp-Image-2022-03-29-at-18.28.29.jpeg\" alt=\"\" width=\"1024\" height=\"768\" srcset=\"https:\/\/www.tribunanf.com.br\/blogdoralfereis\/wp-content\/uploads\/sites\/11\/2022\/03\/WhatsApp-Image-2022-03-29-at-18.28.29.jpeg 1024w, https:\/\/www.tribunanf.com.br\/blogdoralfereis\/wp-content\/uploads\/sites\/11\/2022\/03\/WhatsApp-Image-2022-03-29-at-18.28.29-300x225.jpeg 300w, https:\/\/www.tribunanf.com.br\/blogdoralfereis\/wp-content\/uploads\/sites\/11\/2022\/03\/WhatsApp-Image-2022-03-29-at-18.28.29-768x576.jpeg 768w\" sizes=\"auto, (max-width: 1024px) 100vw, 1024px\" \/><\/p>\n<p style=\"text-align: justify;\">A primeira-dama de Campos dos Goytacazes, Tassiana Oliveira, acompanhou a fam\u00edlia Garotinho e se filiou ao partido Uni\u00e3o Brasil na tarde desta ter\u00e7a-feira. Por ora, o prefeito Wladimir Garotinho segue no PSD.<\/p>\n<p style=\"text-align: justify;\">O ex-governador Garotinho e a deputada Clarissa Garotinho se filiaram ao maior partido do estado em solenidade na cidade do Rio de Janeiro. O presidente da sigla, Waguinho, deixou os Garotinho \u00e0 vontade para escolher a que cargos concorrer\u00e3o nas elei\u00e7\u00f5es deste ano.<\/p>\n<p style=\"text-align: justify;\">A princ\u00edpio, Garotinho \u00e9 pr\u00e9-candidato ao governo do Rio e Clarissa \u00e9 pr\u00e9-candidata ao senado.<\/p>\n<p style=\"text-align: justify;\">A filia\u00e7\u00e3o de Tassiana tamb\u00e9m a inclui no tabuleiro pol\u00edtico de 2022.<\/p>\n<p>Leia tamb\u00e9m:\u00a0<strong><a href=\"https:\/\/www.tribunanf.com.br\/garotinho-e-clarissa-se-filiam-ao-uniao-brasil\/\">Garotinho e Clarissa se filiam ao Uni\u00e3o Brasil<\/a><\/strong><\/p>\n","protected":false},"excerpt":{"rendered":"<p>A primeira-dama de Campos dos Goytacazes, Tassiana Oliveira, acompanhou a fam\u00edlia Garotinho e se filiou ao partido Uni\u00e3o Brasil na&#8230;<\/p>\n","protected":false},"author":2,"featured_media":8976,"comment_status":"open","ping_status":"open","sticky":false,"template":"","format":"standard","meta":{"colormag_page_container_layout":"default_layout","colormag_page_sidebar_layout":"default_layout","jetpack_post_was_ever_published":false,"_jetpack_newsletter_access":"","_jetpack_dont_email_post_to_subs":false,"_jetpack_newsletter_tier_id":0,"_jetpack_memberships_contains_paywalled_content":false,"_jetpack_memberships_contains_paid_content":false,"footnotes":""},"categories":[2],"tags":[],"class_list":["post-8975","post","type-post","status-publish","format-standard","has-post-thumbnail","hentry","category-politica"],"jetpack_featured_media_url":"https:\/\/www.tribunanf.com.br\/blogdoralfereis\/wp-content\/uploads\/sites\/11\/2022\/03\/WhatsApp-Image-2022-03-29-at-18.28.29.jpeg","jetpack_sharing_enabled":true,"_links":{"self":[{"href":"https:\/\/www.tribunanf.com.br\/blogdoralfereis\/wp-json\/wp\/v2\/posts\/8975","targetHints":{"allow":["GET"]}}],"collection":[{"href":"https:\/\/www.tribunanf.com.br\/blogdoralfereis\/wp-json\/wp\/v2\/posts"}],"about":[{"href":"https:\/\/www.tribunanf.com.br\/blogdoralfereis\/wp-json\/wp\/v2\/types\/post"}],"author":[{"embeddable":true,"href":"https:\/\/www.tribunanf.com.br\/blogdoralfereis\/wp-json\/wp\/v2\/users\/2"}],"replies":[{"embeddable":true,"href":"https:\/\/www.tribunanf.com.br\/blogdoralfereis\/wp-json\/wp\/v2\/comments?post=8975"}],"version-history":[{"count":0,"href":"https:\/\/www.tribunanf.com.br\/blogdoralfereis\/wp-json\/wp\/v2\/posts\/8975\/revisions"}],"wp:featuredmedia":[{"embeddable":true,"href":"https:\/\/www.tribunanf.com.br\/blogdoralfereis\/wp-json\/wp\/v2\/media\/8976"}],"wp:attachment":[{"href":"https:\/\/www.tribunanf.com.br\/blogdoralfereis\/wp-json\/wp\/v2\/media?parent=8975"}],"wp:term":[{"taxonomy":"category","embeddable":true,"href":"https:\/\/www.tribunanf.com.br\/blogdoralfereis\/wp-json\/wp\/v2\/categories?post=8975"},{"taxonomy":"post_tag","embeddable":true,"href":"https:\/\/www.tribunanf.com.br\/blogdoralfereis\/wp-json\/wp\/v2\/tags?post=8975"}],"curies":[{"name":"wp","href":"https:\/\/api.w.org\/{rel}","templated":true}]}}