{"id":8914,"date":"2022-03-22T11:07:38","date_gmt":"2022-03-22T14:07:38","guid":{"rendered":"https:\/\/www.tribunanf.com.br\/blogdoralfereis\/?p=8914"},"modified":"2022-03-22T11:07:38","modified_gmt":"2022-03-22T14:07:38","slug":"estado-homologa-licitacao-do-parque-saraiva-e-obras-devem-comecar-em-breve","status":"publish","type":"post","link":"https:\/\/www.tribunanf.com.br\/blogdoralfereis\/2022\/03\/22\/estado-homologa-licitacao-do-parque-saraiva-e-obras-devem-comecar-em-breve\/","title":{"rendered":"Estado homologa licita\u00e7\u00e3o do Parque Saraiva e obras devem come\u00e7ar em breve"},"content":{"rendered":"<p><img loading=\"lazy\" decoding=\"async\" class=\"aligncenter size-full wp-image-7925\" src=\"https:\/\/www.tribunanf.com.br\/blogdoralfereis\/wp-content\/uploads\/sites\/11\/2021\/10\/with-181608.jpg\" alt=\"\" width=\"800\" height=\"533\" srcset=\"https:\/\/www.tribunanf.com.br\/blogdoralfereis\/wp-content\/uploads\/sites\/11\/2021\/10\/with-181608.jpg 800w, https:\/\/www.tribunanf.com.br\/blogdoralfereis\/wp-content\/uploads\/sites\/11\/2021\/10\/with-181608-300x200.jpg 300w, https:\/\/www.tribunanf.com.br\/blogdoralfereis\/wp-content\/uploads\/sites\/11\/2021\/10\/with-181608-768x512.jpg 768w\" sizes=\"auto, (max-width: 800px) 100vw, 800px\" \/><\/p>\n<p style=\"text-align: justify;\">A Secretaria de Cidades do Estado homologou nessa segunda-feira (21) a licita\u00e7\u00e3o para as obras de reestrutura\u00e7\u00e3o do Parque Saraiva, em Campos dos Goytacazes.<\/p>\n<p style=\"text-align: justify;\">A concorr\u00eancia, na modalidade menor pre\u00e7o, ficou em R$ 32.672.750,75 (trinta e dois milh\u00f5es, seiscentos e setenta e dois mil setecentos e cinquenta reais e setenta e cinco centavos), valor abaixo do previsto na licita\u00e7\u00e3o, que era de quase R$ 36 milh\u00f5es.<\/p>\n<p style=\"text-align: justify;\">O contrato prev\u00ea obras de pavimenta\u00e7\u00e3o, urbaniza\u00e7\u00e3o e drenagem em todo o bairro.<\/p>\n<p style=\"text-align: justify;\">A retomada das obras foi uma promessa do prefeito Wladimir Garotinho e do governador Cl\u00e1udio Castro.<\/p>\n","protected":false},"excerpt":{"rendered":"<p>A Secretaria de Cidades do Estado homologou nessa segunda-feira (21) a licita\u00e7\u00e3o para as obras de reestrutura\u00e7\u00e3o do Parque Saraiva,&#8230;<\/p>\n","protected":false},"author":2,"featured_media":7925,"comment_status":"open","ping_status":"open","sticky":false,"template":"","format":"standard","meta":{"colormag_page_container_layout":"default_layout","colormag_page_sidebar_layout":"default_layout","jetpack_post_was_ever_published":false,"_jetpack_newsletter_access":"","_jetpack_dont_email_post_to_subs":false,"_jetpack_newsletter_tier_id":0,"_jetpack_memberships_contains_paywalled_content":false,"_jetpack_memberships_contains_paid_content":false,"footnotes":""},"categories":[2],"tags":[],"class_list":["post-8914","post","type-post","status-publish","format-standard","has-post-thumbnail","hentry","category-politica"],"jetpack_featured_media_url":"https:\/\/www.tribunanf.com.br\/blogdoralfereis\/wp-content\/uploads\/sites\/11\/2021\/10\/with-181608.jpg","jetpack_sharing_enabled":true,"_links":{"self":[{"href":"https:\/\/www.tribunanf.com.br\/blogdoralfereis\/wp-json\/wp\/v2\/posts\/8914","targetHints":{"allow":["GET"]}}],"collection":[{"href":"https:\/\/www.tribunanf.com.br\/blogdoralfereis\/wp-json\/wp\/v2\/posts"}],"about":[{"href":"https:\/\/www.tribunanf.com.br\/blogdoralfereis\/wp-json\/wp\/v2\/types\/post"}],"author":[{"embeddable":true,"href":"https:\/\/www.tribunanf.com.br\/blogdoralfereis\/wp-json\/wp\/v2\/users\/2"}],"replies":[{"embeddable":true,"href":"https:\/\/www.tribunanf.com.br\/blogdoralfereis\/wp-json\/wp\/v2\/comments?post=8914"}],"version-history":[{"count":0,"href":"https:\/\/www.tribunanf.com.br\/blogdoralfereis\/wp-json\/wp\/v2\/posts\/8914\/revisions"}],"wp:featuredmedia":[{"embeddable":true,"href":"https:\/\/www.tribunanf.com.br\/blogdoralfereis\/wp-json\/wp\/v2\/media\/7925"}],"wp:attachment":[{"href":"https:\/\/www.tribunanf.com.br\/blogdoralfereis\/wp-json\/wp\/v2\/media?parent=8914"}],"wp:term":[{"taxonomy":"category","embeddable":true,"href":"https:\/\/www.tribunanf.com.br\/blogdoralfereis\/wp-json\/wp\/v2\/categories?post=8914"},{"taxonomy":"post_tag","embeddable":true,"href":"https:\/\/www.tribunanf.com.br\/blogdoralfereis\/wp-json\/wp\/v2\/tags?post=8914"}],"curies":[{"name":"wp","href":"https:\/\/api.w.org\/{rel}","templated":true}]}}