{"id":8887,"date":"2022-03-18T18:30:33","date_gmt":"2022-03-18T21:30:33","guid":{"rendered":"https:\/\/www.tribunanf.com.br\/blogdoralfereis\/?p=8887"},"modified":"2022-03-18T19:21:16","modified_gmt":"2022-03-18T22:21:16","slug":"usar-vpn-ou-proxy-para-driblar-bloqueio-do-telegram-pode-render-multa-de-r-100-mil","status":"publish","type":"post","link":"https:\/\/www.tribunanf.com.br\/blogdoralfereis\/2022\/03\/18\/usar-vpn-ou-proxy-para-driblar-bloqueio-do-telegram-pode-render-multa-de-r-100-mil\/","title":{"rendered":"Usar VPN ou proxy para driblar bloqueio do Telegram pode render multa de R$ 100 mil"},"content":{"rendered":"<p><img loading=\"lazy\" decoding=\"async\" class=\"aligncenter size-full wp-image-4248\" src=\"https:\/\/www.tribunanf.com.br\/blogdoralfereis\/wp-content\/uploads\/sites\/11\/2020\/06\/alexande-de-moraes.jpg\" alt=\"\" width=\"984\" height=\"656\" srcset=\"https:\/\/www.tribunanf.com.br\/blogdoralfereis\/wp-content\/uploads\/sites\/11\/2020\/06\/alexande-de-moraes.jpg 984w, https:\/\/www.tribunanf.com.br\/blogdoralfereis\/wp-content\/uploads\/sites\/11\/2020\/06\/alexande-de-moraes-300x200.jpg 300w, https:\/\/www.tribunanf.com.br\/blogdoralfereis\/wp-content\/uploads\/sites\/11\/2020\/06\/alexande-de-moraes-768x512.jpg 768w\" sizes=\"auto, (max-width: 984px) 100vw, 984px\" \/><\/p>\n<p style=\"text-align: justify;\">O ministro Alexandre de Moraes, do Supremo Tribunal Federal (STF), determinou nesta sexta-feira, 18, \u201csan\u00e7\u00f5es civis e criminais\u201d, e multa di\u00e1ria de R$ 100 mil para pessoas que utilizarem \u201csubterf\u00fagios tecnol\u00f3gicos\u201d para continuarem a usar o Telegram, banido no Pa\u00eds na mesma a\u00e7\u00e3o.<\/p>\n<p><a href=\"https:\/\/www.tribunanf.com.br\/alexandre-de-moraes-determina-bloqueio-do-telegram-em-todo-o-brasil\/\">O ministro suspendeu o aplicativo em todo o brasil.<\/a><\/p>\n<p style=\"text-align: justify;\">O uso de rede virtual privada (VPN) ou proxy t\u00eam a mesma finalidade: mascarar a origem de acesso de um internauta. Uma pessoa no Brasil pode simular que est\u00e1 usando a internet em outro pa\u00eds.<\/p>\n<p style=\"text-align: justify;\">Confira a decis\u00e3o publicada pelo STF: <a href=\"https:\/\/www.tribunanf.com.br\/blogdoralfereis\/wp-content\/uploads\/sites\/11\/2022\/03\/DespachoTelegram1.pdf\">DespachoTelegram1<\/a><\/p>\n","protected":false},"excerpt":{"rendered":"<p>O ministro Alexandre de Moraes, do Supremo Tribunal Federal (STF), determinou nesta sexta-feira, 18, \u201csan\u00e7\u00f5es civis e criminais\u201d, e multa&#8230;<\/p>\n","protected":false},"author":2,"featured_media":4248,"comment_status":"open","ping_status":"open","sticky":false,"template":"","format":"standard","meta":{"colormag_page_container_layout":"default_layout","colormag_page_sidebar_layout":"default_layout","jetpack_post_was_ever_published":false,"_jetpack_newsletter_access":"","_jetpack_dont_email_post_to_subs":false,"_jetpack_newsletter_tier_id":0,"_jetpack_memberships_contains_paywalled_content":false,"_jetpack_memberships_contains_paid_content":false,"footnotes":""},"categories":[2],"tags":[],"class_list":["post-8887","post","type-post","status-publish","format-standard","has-post-thumbnail","hentry","category-politica"],"jetpack_featured_media_url":"https:\/\/www.tribunanf.com.br\/blogdoralfereis\/wp-content\/uploads\/sites\/11\/2020\/06\/alexande-de-moraes.jpg","jetpack_sharing_enabled":true,"_links":{"self":[{"href":"https:\/\/www.tribunanf.com.br\/blogdoralfereis\/wp-json\/wp\/v2\/posts\/8887","targetHints":{"allow":["GET"]}}],"collection":[{"href":"https:\/\/www.tribunanf.com.br\/blogdoralfereis\/wp-json\/wp\/v2\/posts"}],"about":[{"href":"https:\/\/www.tribunanf.com.br\/blogdoralfereis\/wp-json\/wp\/v2\/types\/post"}],"author":[{"embeddable":true,"href":"https:\/\/www.tribunanf.com.br\/blogdoralfereis\/wp-json\/wp\/v2\/users\/2"}],"replies":[{"embeddable":true,"href":"https:\/\/www.tribunanf.com.br\/blogdoralfereis\/wp-json\/wp\/v2\/comments?post=8887"}],"version-history":[{"count":0,"href":"https:\/\/www.tribunanf.com.br\/blogdoralfereis\/wp-json\/wp\/v2\/posts\/8887\/revisions"}],"wp:featuredmedia":[{"embeddable":true,"href":"https:\/\/www.tribunanf.com.br\/blogdoralfereis\/wp-json\/wp\/v2\/media\/4248"}],"wp:attachment":[{"href":"https:\/\/www.tribunanf.com.br\/blogdoralfereis\/wp-json\/wp\/v2\/media?parent=8887"}],"wp:term":[{"taxonomy":"category","embeddable":true,"href":"https:\/\/www.tribunanf.com.br\/blogdoralfereis\/wp-json\/wp\/v2\/categories?post=8887"},{"taxonomy":"post_tag","embeddable":true,"href":"https:\/\/www.tribunanf.com.br\/blogdoralfereis\/wp-json\/wp\/v2\/tags?post=8887"}],"curies":[{"name":"wp","href":"https:\/\/api.w.org\/{rel}","templated":true}]}}